{"id":2269,"date":"2012-10-29T18:37:18","date_gmt":"2012-10-29T17:37:18","guid":{"rendered":"http:\/\/www.formschub.de\/blog\/?p=2269"},"modified":"2020-07-02T14:34:36","modified_gmt":"2020-07-02T12:34:36","slug":"veronika-ein-ganzes-jahr","status":"publish","type":"post","link":"https:\/\/www.formschub.de\/blog\/2012\/10\/29\/veronika-ein-ganzes-jahr\/","title":{"rendered":"Veronika, ein ganzes Jahr"},"content":{"rendered":"\n<p>Wer kennt es nicht, das <a href=\"http:\/\/www.songlexikon.de\/songs\/veronika\">ber\u00fchmte Lied<\/a> der <a href=\"http:\/\/www.youtube.com\/watch?v=JRP1XAOM-nQ\">Comedian Harmonists<\/a> mit den eindeutig zweideutigen Textanspielungen?<\/p>\n\n\n\n<figure class=\"wp-block-embed-twitter wp-block-embed is-type-rich is-provider-twitter\"><div class=\"wp-block-embed__wrapper\">\n<blockquote class=\"twitter-tweet\" data-width=\"550\" data-dnt=\"true\"><p lang=\"de\" dir=\"ltr\">\u00bbVeronika, der Herbst ist da,<br>im Hirn spinnt die Amygdala,<br>die ganze Welt ist trist und leer,<br>Veronika, ich will nicht mehr.\u00ab<\/p>&mdash; schurfmob (@formschub) <a href=\"https:\/\/twitter.com\/formschub\/status\/262465351177089024?ref_src=twsrc%5Etfw\">October 28, 2012<\/a><\/blockquote><script async src=\"https:\/\/platform.twitter.com\/widgets.js\" charset=\"utf-8\"><\/script>\n<\/div><\/figure>\n\n\n\n<p>Dass der Fr\u00fchling die S\u00e4fte sprie\u00dfen l\u00e4sst, ist allgemein bekannt. Der Herbst hingegen bringt sie zum Versiegen, er macht die Tage k\u00fcrzer, dunkler und die Stimmung tr\u00fcber, zeigt seine triste Seite abseits des <a href=\"http:\/\/boschblog.de\/2012\/09\/24\/herbst-ist-okay\/\">\u00bbRilkeschei\u00df\u00ab<\/a>, wie <a href=\"http:\/\/boschblog.de\/\">Bosch<\/a> treffend schreibt. Was, wenn die Comedian Harmonists auch davon gesungen h\u00e4tten? Das war der Gedanke, der mich zu dem obigen Tweet inspirierte. Und weil ich das Jahr gerne voll machen wollte, kommen nun auch noch der Sommer und der Winter dazu, ebenfalls besungen von missgelaunten Ver\u00e4chtern dieser Jahreszeiten. Die Melodie kennt Ihr ja \u2026<\/p>\n\n\n\n<blockquote class=\"wp-block-quote is-layout-flow wp-block-quote-is-layout-flow\"><p>Veronika, der Lenz ist da,<br>die M\u00e4dchen singen \u203atralala\u2039,<br>die ganze Welt ist wie verhext,<br>Veronika, der Spargel w\u00e4chst.<br><br>Veronika, der Sommer naht,<br>beim Dresscode wird an Stoff gespart,<br>die ganze Welt ist schwei\u00dfglasiert,<br>Veronika, mein Blut geliert.<br><br>Veronika, der Herbst ist da,<br>im Hirn spinnt die Amygdala,<br>die ganze Welt ist trist und leer,<br>Veronika, ich will nicht mehr.<br><br>Veronika, der Winter dr\u00e4ut,<br>wie hass\u2019 ich Frost und Weihnachtzeit,<br>die ganze Welt ist kalt und wei\u00df,<br>Veronika, mach Gl\u00fchwein hei\u00df.<\/p><\/blockquote>\n\n\n\n<p><img loading=\"lazy\" decoding=\"async\" title=\"Sad_Cereals\" width=\"450\" height=\"306\" class=\"alignnone size-full wp-image-2272\" src=\"http:\/\/www.formschub.de\/blog\/wp-content\/uploads\/2012\/10\/Sad_Cereals.jpg\" alt=\"Sad_Cereals\"><br><em>Photo: former Flickr user Cali4beach | <a href=\"http:\/\/creativecommons.org\/licenses\/by\/2.0\/deed.en\">Some rights reserved<\/a><\/em><\/p>\n<div class=\"likebtn_container\" style=\"clear:both;\"><!-- LikeBtn.com BEGIN --><span class=\"likebtn-wrapper\"  data-identifier=\"post_2269\"  data-site_id=\"5ec2910b6fd08bbb5dd94e1f\"  data-theme=\"heartcross\"  data-lang=\"de\"  data-show_dislike_label=\"true\"  data-share_enabled=\"false\"  data-counter_frmt=\"period\"  data-tooltip_enabled=\"false\"  data-i18n_like=\"gern gelesen\"  data-i18n_dislike=\"gefiel mir nicht\"  data-i18n_after_like=\"gern gelesen\"  data-i18n_after_dislike=\"gefiel mir nicht\"  data-i18n_like_tooltip=\"gern gelesen\"  data-i18n_dislike_tooltip=\"gefiel mir nicht\"  data-i18n_unlike_tooltip=\"\u2764\ufe0f entfernen\"  data-i18n_undislike_tooltip=\"\u274c entfernen\"  data-i18n_popup_close=\"schlie\u00dfen\"  data-i18n_popup_text=\"Danke f\u00fcr Deine Bewertung!\"  data-style=\"\"  data-unlike_allowed=\"\"  data-show_copyright=\"\"  data-item_url=\"https:\/\/www.formschub.de\/blog\/2012\/10\/29\/veronika-ein-ganzes-jahr\/\"  data-item_title=\"Veronika, ein ganzes Jahr\"  data-item_date=\"2012-10-29T18:37:18+01:00\"  data-engine=\"WordPress\"  data-plugin_v=\"2.6.59\"  data-prx=\"https:\/\/www.formschub.de\/blog\/wp-admin\/admin-ajax.php?action=likebtn_prx\"  data-event_handler=\"likebtn_eh\" ><\/span><!-- LikeBtn.com END --><\/div>","protected":false},"excerpt":{"rendered":"<p>Wer kennt es nicht, das ber\u00fchmte Lied der Comedian Harmonists mit den eindeutig zweideutigen Textanspielungen? Dass der Fr\u00fchling die S\u00e4fte sprie\u00dfen l\u00e4sst, ist allgemein bekannt. [&#8230;]<\/p>\n<div class=\"likebtn_container\" style=\"clear:both;\"><!-- LikeBtn.com BEGIN --><span class=\"likebtn-wrapper\"  data-identifier=\"post_2269\"  data-site_id=\"5ec2910b6fd08bbb5dd94e1f\"  data-theme=\"heartcross\"  data-lang=\"de\"  data-show_dislike_label=\"true\"  data-share_enabled=\"false\"  data-counter_frmt=\"period\"  data-tooltip_enabled=\"false\"  data-i18n_like=\"gern gelesen\"  data-i18n_dislike=\"gefiel mir nicht\"  data-i18n_after_like=\"gern gelesen\"  data-i18n_after_dislike=\"gefiel mir nicht\"  data-i18n_like_tooltip=\"gern gelesen\"  data-i18n_dislike_tooltip=\"gefiel mir nicht\"  data-i18n_unlike_tooltip=\"\u2764\ufe0f entfernen\"  data-i18n_undislike_tooltip=\"\u274c entfernen\"  data-i18n_popup_close=\"schlie\u00dfen\"  data-i18n_popup_text=\"Danke f\u00fcr Deine Bewertung!\"  data-style=\"\"  data-unlike_allowed=\"\"  data-show_copyright=\"\"  data-item_url=\"https:\/\/www.formschub.de\/blog\/2012\/10\/29\/veronika-ein-ganzes-jahr\/\"  data-item_title=\"Veronika, ein ganzes Jahr\"  data-item_date=\"2012-10-29T18:37:18+01:00\"  data-engine=\"WordPress\"  data-plugin_v=\"2.6.59\"  data-prx=\"https:\/\/www.formschub.de\/blog\/wp-admin\/admin-ajax.php?action=likebtn_prx\"  data-event_handler=\"likebtn_eh\" ><\/span><!-- LikeBtn.com END --><\/div>","protected":false},"author":1,"featured_media":0,"comment_status":"open","ping_status":"open","sticky":false,"template":"","format":"standard","meta":{"footnotes":""},"categories":[14,36,1],"tags":[],"class_list":["post-2269","post","type-post","status-publish","format-standard","hentry","category-selbstgebrautes","category-versbuffet","category-von-der-tageskarte"],"_links":{"self":[{"href":"https:\/\/www.formschub.de\/blog\/wp-json\/wp\/v2\/posts\/2269","targetHints":{"allow":["GET"]}}],"collection":[{"href":"https:\/\/www.formschub.de\/blog\/wp-json\/wp\/v2\/posts"}],"about":[{"href":"https:\/\/www.formschub.de\/blog\/wp-json\/wp\/v2\/types\/post"}],"author":[{"embeddable":true,"href":"https:\/\/www.formschub.de\/blog\/wp-json\/wp\/v2\/users\/1"}],"replies":[{"embeddable":true,"href":"https:\/\/www.formschub.de\/blog\/wp-json\/wp\/v2\/comments?post=2269"}],"version-history":[{"count":5,"href":"https:\/\/www.formschub.de\/blog\/wp-json\/wp\/v2\/posts\/2269\/revisions"}],"predecessor-version":[{"id":5441,"href":"https:\/\/www.formschub.de\/blog\/wp-json\/wp\/v2\/posts\/2269\/revisions\/5441"}],"wp:attachment":[{"href":"https:\/\/www.formschub.de\/blog\/wp-json\/wp\/v2\/media?parent=2269"}],"wp:term":[{"taxonomy":"category","embeddable":true,"href":"https:\/\/www.formschub.de\/blog\/wp-json\/wp\/v2\/categories?post=2269"},{"taxonomy":"post_tag","embeddable":true,"href":"https:\/\/www.formschub.de\/blog\/wp-json\/wp\/v2\/tags?post=2269"}],"curies":[{"name":"wp","href":"https:\/\/api.w.org\/{rel}","templated":true}]}}