{"id":3402,"date":"2020-05-17T15:55:57","date_gmt":"2020-05-17T13:55:57","guid":{"rendered":"https:\/\/www.formschub.de\/blog\/?p=3402"},"modified":"2023-03-15T01:20:48","modified_gmt":"2023-03-15T00:20:48","slug":"corona","status":"publish","type":"post","link":"https:\/\/www.formschub.de\/blog\/2020\/05\/17\/corona\/","title":{"rendered":"Corona."},"content":{"rendered":"\n<figure class=\"wp-block-image size-large\"><img loading=\"lazy\" decoding=\"async\" width=\"1024\" height=\"1024\" src=\"https:\/\/www.formschub.de\/blog\/wp-content\/uploads\/2020\/05\/Me_masked-1024x1024.jpg\" alt=\"\" class=\"wp-image-3409\" srcset=\"https:\/\/www.formschub.de\/blog\/wp-content\/uploads\/2020\/05\/Me_masked-1024x1024.jpg 1024w, https:\/\/www.formschub.de\/blog\/wp-content\/uploads\/2020\/05\/Me_masked-300x300.jpg 300w, https:\/\/www.formschub.de\/blog\/wp-content\/uploads\/2020\/05\/Me_masked-150x150.jpg 150w, https:\/\/www.formschub.de\/blog\/wp-content\/uploads\/2020\/05\/Me_masked-768x768.jpg 768w, https:\/\/www.formschub.de\/blog\/wp-content\/uploads\/2020\/05\/Me_masked-1536x1536.jpg 1536w, https:\/\/www.formschub.de\/blog\/wp-content\/uploads\/2020\/05\/Me_masked-2048x2048.jpg 2048w\" sizes=\"auto, (max-width: 1024px) 100vw, 1024px\" \/><figcaption class=\"wp-element-caption\">Foto: \u00a9 formschub<\/figcaption><\/figure>\n\n\n\n<p>Ich hab\u2019s hinter mir. Hoffe ich zumindest. Zwar muss ich ab und zu noch husten, aber das kenne ich auch von herk\u00f6mmlichen Erk\u00e4ltungen und es gibt sich nach einiger Zeit. An der \u00bbErk\u00e4ltung\u00ab, die mich im M\u00e4rz 2020 erwischte, war jedoch kaum etwas normal, obwohl mir gl\u00fccklicherweise ein Klinikaufenthalt oder Schlimmeres erspart blieb. Inzwischen bin ich mir aufgrund der Begleitumst\u00e4nde in meinem pers\u00f6nlichen Umfeld, des Krankheitsverlaufs und dem inzwischen vorliegenden Ergebnis des nachtr\u00e4glichen Antik\u00f6rpertests so gut wie sicher: es war \u00bbCorona\u00ab (COVID-19).<\/p>\n\n\n\n<p>Ich habe mich nun mal daran gesetzt, anhand meines Textnachrichtenverlaufs, eigener Erinnerungen, meiner Twitter-Timeline und der Facebook-Chronik, meiner Handy-Anrufliste und meines Browserverlaufs den Hergang meiner ganz pers\u00f6nlichen \u00bbCorona-Geschichte\u00ab zu rekonstruieren. Es war ein wenig m\u00fchsam, die Geschehnispartikel zu sammeln und zusammenzusetzen, aber letztlich funktionierte es erstaunlich gut. Vielleicht kann ja der Eine oder Andere aus diesem \u00bbTagebuch\u00ab f\u00fcr sich auch einen Nutzen ziehen.<\/p>\n\n\n\n<p>Was an der folgenden chronologischen Aufzeichnung besonders deutlich wird: weil SARS-CoV-2 ein komplett neues Virus ist, wurden viele Erkenntnisse zum Infektionsverlauf, zu den Symptomen und den organischen Auswirkungen erst nach und nach bekannt \u2013 in meinem Fall bei allen drei genannten Beteiligten \u00bbzu sp\u00e4t\u00ab, um daraus sofort die richtigen Schl\u00fcsse ziehen zu k\u00f6nnen und die Erkrankung an den wenigen anfangs bekannten Symptomen zweifelsfrei zu erkennen. <\/p>\n\n\n\n<p>F\u00fcr die Zeit vor Beginn dieses Protokolls empfehle ich den Beitrag <a href=\"https:\/\/www.tagesschau.de\/inland\/corona-ausbruch-deutschland-rekonstruktion-101.html\">\u00bb<\/a><a href=\"https:\/\/www.tagesschau.de\/inland\/corona-ausbruch-deutschland-rekonstruktion-101.html\" target=\"_blank\" rel=\"noreferrer noopener\" aria-label=\"Die verlorenen Wochen\u00ab (\u00f6ffnet in neuem Tab)\">Die verlorenen Wochen\u00ab<\/a> auf der Website der Tagesschau. Er beginnt mit folgenden Worten:<\/p>\n\n\n\n<blockquote class=\"wp-block-quote is-layout-flow wp-block-quote-is-layout-flow\">\n<p>\u00bbAm 31. Dezember versendet das internationale Fr\u00fchwarnsystem ProMED eine E-Mail. Es geht um eine unbekannte Lungenentz\u00fcndung in China. Die Meldung zum neuartigen Coronavirus geht auch nach Berlin ans Robert Koch-Institut.\u00ab<\/p>\n<\/blockquote>\n\n\n\n<!--more-->\n\n\n\n<p><strong>Donnerstag, 27. Januar<br \/><\/strong>Der erste Corona-Fall in Deutschland wird bekanntgegeben.<\/p>\n\n\n\n<p><strong>Freitag, 28. Januar<br \/><\/strong>Schaue mit dem Mann abends den sehenswerten, eher n\u00fcchtern inszenierten Spielfilm <a href=\"https:\/\/de.wikipedia.org\/wiki\/Contagion_(Film)\" target=\"_blank\" rel=\"noreferrer noopener\" aria-label=\"\u00bbContagion\u00ab (\u00f6ffnet in neuem Tab)\">\u00bbContagion\u00ab<\/a> von Stephen Soderbergh via Amazon Prime, in dem es um eine t\u00f6dliche Viruspandemie geht, deren Virus in China von Flederm\u00e4usen auf Schweine und von dort in der K\u00fcche eines Spielcasinos auf den ersten Menschen \u00fcberspringt.<\/p>\n\n\n\n<figure class=\"wp-block-image size-large\"><img loading=\"lazy\" decoding=\"async\" width=\"880\" height=\"434\" src=\"https:\/\/www.formschub.de\/blog\/wp-content\/uploads\/2020\/05\/Bildschirmfoto-2020-05-18-um-12.21.41.png\" alt=\"\" class=\"wp-image-3425\" srcset=\"https:\/\/www.formschub.de\/blog\/wp-content\/uploads\/2020\/05\/Bildschirmfoto-2020-05-18-um-12.21.41.png 880w, https:\/\/www.formschub.de\/blog\/wp-content\/uploads\/2020\/05\/Bildschirmfoto-2020-05-18-um-12.21.41-300x148.png 300w, https:\/\/www.formschub.de\/blog\/wp-content\/uploads\/2020\/05\/Bildschirmfoto-2020-05-18-um-12.21.41-768x379.png 768w\" sizes=\"auto, (max-width: 880px) 100vw, 880px\" \/><\/figure>\n\n\n\n<p><strong>Sonntag, 01. Februar <\/strong><br \/>In meinem Textnachrichtenverlauf taucht zum ersten Mal das Wort \u00bbCorona\u00ab auf, nachdem ich bereits seit dem Auftauchen der Nachrichten \u00fcber das Virus den Hergang der Ausbreitung in den Medien verfolgt habe. Ich teile in einer Textnachricht einen Link zu einem <a rel=\"noreferrer noopener\" aria-label=\"Artikel im \u00c4rzteblatt (\u00f6ffnet in neuem Tab)\" href=\"https:\/\/www.aerzteblatt.de\/nachrichten\/109051\/Genom-Analysen-klaeren-Herkunft-von-2019-nCoV\" target=\"_blank\">Artikel im \u00c4rzteblatt<\/a> \u00fcber den vermeintlichen biologischen Ursprung des Virus.<\/p>\n\n\n\n<p><strong>Montag, 24. Februar<br \/><\/strong>Ich teile per WhatsApp einen weiteren Link \u00fcber die M\u00f6glichkeit des Ausbruchs einer Pandemie:<br \/><a href=\"https:\/\/scilogs.spektrum.de\/fischblog\/was-tun-bei-einer-coronavirus-pandemie\/\" target=\"_blank\" rel=\"noreferrer noopener\" aria-label=\"https:\/\/scilogs.spektrum.de\/fischblog\/was-tun-bei-einer-coronavirus-pandemie\/ (\u00f6ffnet in neuem Tab)\">https:\/\/scilogs.spektrum.de\/fischblog\/was-tun-bei-einer-coronavirus-pandemie\/<\/a><\/p>\n\n\n\n<p><strong>Mittwoch, 26. Februar<br \/><\/strong>Der Mann ist f\u00fcr einige Tage in Hamburg. Ich bin tags\u00fcber bei der Arbeit im B\u00fcro in der Innenstadt, wir bewegen uns gemeinsam nach Feierabend ganz normal mit Bus und U-Bahn durch die Stadt, Ziel ist eine Bierbar in Altona. Ob zu dieser Zeit bereits infizierte Fahrg\u00e4ste oder Barbesucher unterwegs sind, ist eine Frage, die ich mir sp\u00e4ter beim R\u00fcckberechnen der Inkubationszeit stelle, inzwischen aber f\u00fcr die weniger wahrscheinliche Infektionsm\u00f6glichkeit halte. F\u00fcr Deutschland sind 27 Erkrankungen offiziell gemeldet.*<\/p>\n\n\n\n<p><strong>Freitag, 28. Februar<br \/><\/strong>Der Mann begibt sich auf eine Reise in die USA, erste Station ist New York, wo er einige Tage mit dem \u2013 f\u00fcr sich erstmaligen \u2013 Erkunden der Stadt verbringen m\u00f6chte, ehe der eigentliche Grund der Reise, ein mehrt\u00e4giges gesch\u00e4ftliches Treffen in Boston, ansteht. In New York nutzt er f\u00fcr seine ausgiebigen Exkursionen zu Sehensw\u00fcrdigkeiten und Gesch\u00e4ften die U-Bahn und geht zu Fu\u00df.<\/p>\n\n\n\n<p><strong>Sonntag, 01. M\u00e4rz<br \/><\/strong>Geburtstag ohne den Mann. <a href=\"https:\/\/www.nytimes.com\/2020\/03\/01\/nyregion\/new-york-coronvirus-confirmed.html\" target=\"_blank\" rel=\"noreferrer noopener\" aria-label=\"F\u00fcr New York wird der erste offizielle Corona-Fall gemeldet. (\u00f6ffnet in neuem Tab)\">F\u00fcr New York wird der erste offizielle Corona-Fall gemeldet.<\/a><\/p>\n\n\n\n<figure class=\"wp-block-image size-large\"><img loading=\"lazy\" decoding=\"async\" width=\"750\" height=\"415\" src=\"https:\/\/www.formschub.de\/blog\/wp-content\/uploads\/2020\/05\/Corona_1st_Case_NYC.jpg\" alt=\"\" class=\"wp-image-3403\" srcset=\"https:\/\/www.formschub.de\/blog\/wp-content\/uploads\/2020\/05\/Corona_1st_Case_NYC.jpg 750w, https:\/\/www.formschub.de\/blog\/wp-content\/uploads\/2020\/05\/Corona_1st_Case_NYC-300x166.jpg 300w, https:\/\/www.formschub.de\/blog\/wp-content\/uploads\/2020\/05\/Corona_1st_Case_NYC-360x200.jpg 360w, https:\/\/www.formschub.de\/blog\/wp-content\/uploads\/2020\/05\/Corona_1st_Case_NYC-450x250.jpg 450w\" sizes=\"auto, (max-width: 750px) 100vw, 750px\" \/><figcaption class=\"wp-element-caption\">Eine Schlagzeile vom 02. M\u00e4rz, die an diesem Tag in zahlreichen Nachrichtenmedien wortgleich erschien.<\/figcaption><\/figure>\n\n\n\n<p><strong>Montag, 02. M\u00e4rz<\/strong><br \/>Der Mann f\u00e4hrt von New York mit dem Zug weiter nach Boston, wo an diesem Tag gerade <a href=\"https:\/\/www.bostonherald.com\/2020\/03\/02\/first-presumptive-positive-coronavirus-case-reported-in-massachusetts-woman\/\" target=\"_blank\" rel=\"noreferrer noopener\" aria-label=\"der zweite offizielle Fall von COVID-19 in einem angrenzenden County gemeldet wird (\u00f6ffnet in neuem Tab)\">der zweite offizielle Fall von COVID-19 in einem angrenzenden County gemeldet wird<\/a>. Aus China kommen Zahlen, die in einer <a rel=\"noreferrer noopener\" label=\"Grafik (\u00f6ffnet in neuem Tab)\" href=\"https:\/\/www.facebook.com\/KatapultM\/posts\/2474889086061163\" target=\"_blank\">Grafik<\/a> einen R\u00fcckgang der Neuerkrankungen und einen Anstieg der Anzahl Genesener andeuten. <\/p>\n\n\n\n<p><strong>Freitag, 06. M\u00e4rz<br \/><\/strong>Der Mann kommt zur\u00fcck aus Amerika, gesund und munter. Ich setze mich am Nachmittag in Hamburg in den Zug und fahre nach Berlin, um dort mit ihm das Wochenende zu verbringen. Auch in der Hauptstadt bewegen wir uns an allen Tagen mit der BVG durch die Stadt \u2013 zum Einkaufen, Essen, auf ein Bier. Alles wie immer. Die Zahl der offiziellen Erkrankungen in Deutschland betr\u00e4gt 690.*<\/p>\n\n\n\n<p><strong>Montag, 09. M\u00e4rz<\/strong><br \/>Die Berichte \u00fcber die Epidemie veranlassen uns zur Sorge um unsere betagten, aber noch \u00bbfitten\u00ab Eltern. Ich sto\u00dfe auf den NDR-Info-Podcast <a rel=\"noreferrer noopener\" aria-label=\"\u00bbDas Corona Update\u00ab&nbsp;mit Dr. Drosten (\u00f6ffnet in neuem Tab)\" href=\"https:\/\/www.ndr.de\/nachrichten\/info\/Coronavirus-Virologe-Drosten-im-NDR-Info-Podcast,podcastcoronavirus100.html\" target=\"_blank\">\u00bbDas Corona Update\u00ab&nbsp;mit Dr. Drosten<\/a> und h\u00f6re mir einige Folgen an. <br \/>Abends telefoniere ich mit meiner Mutter und versende eine Mail mit seri\u00f6sen Links und Empfehlungen f\u00fcr eine Verhaltens\u00e4nderung, darunter auch die Einschr\u00e4nkung des Kontakts zur nicht weit entfernt von der Mutter lebenden Familie meiner Schwester inklusive der geliebten Enkelkinder. Am Vortag erging die <a href=\"https:\/\/www.tagesschau.de\/inland\/coronavirus-spahn-rki-103.html\" target=\"_blank\" rel=\"noreferrer noopener\" aria-label=\"Empfehlung von Gesundheitsminister Spahn (\u00f6ffnet in neuem Tab)\">Empfehlung von Gesundheitsminister Spahn<\/a>, Gro\u00dfveranstaltungen \u00fcber 1.000 Teilnehmer abzusagen.<\/p>\n\n\n\n<p><strong>Dienstag, 10. M\u00e4rz<\/strong><br \/>Am Nachmittag im B\u00fcro poste ich einen Tweet zum Thema.<\/p>\n\n\n\n<figure class=\"wp-block-embed is-type-rich is-provider-twitter wp-block-embed-twitter\"><div class=\"wp-block-embed__wrapper\">\n<blockquote class=\"twitter-tweet\" data-width=\"550\" data-dnt=\"true\"><p lang=\"de\" dir=\"ltr\">Interessant auch, dass viele der Menschen, die glauben, Corona w\u00fcrde sie verschonen, trotzdem weiter Lotto spielen.<\/p>&mdash; schurfmob (@formschub) <a href=\"https:\/\/twitter.com\/formschub\/status\/1237338619179925504?ref_src=twsrc%5Etfw\">March 10, 2020<\/a><\/blockquote><script async src=\"https:\/\/platform.twitter.com\/widgets.js\" charset=\"utf-8\"><\/script>\n<\/div><\/figure>\n\n\n\n<p>Abends besucht mich ein Freund, wir kochen gemeinsam, es gibt irgendwas mit Bulgur <em>(Update: uns ist wieder eingefallen, was es war)<\/em>. Ganz fern versp\u00fcre ich ein leicht kratziges Nasenrachengef\u00fchl wie vor einer herannahenden Erk\u00e4ltung. Ich nehme vor dem Schlafengehen Vitamin C und Echinacea-Tinktur ein, meine beiden bew\u00e4hrten Hausmittel zur oft erfolgreichen Abwehr eines Infekts bei diesen Anzeichen. <a rel=\"noreferrer noopener\" aria-label=\"Erste anstehende Veranstaltungen in Konzerth\u00e4usern und Theatern in Berlin werden offiziell abgesagt. (\u00f6ffnet in neuem Tab)\" href=\"https:\/\/www.rbb24.de\/kultur\/thema\/2020\/coronavirus\/beitraege\/corona-lederer-kulturveranstaltungen-abgesagt.html\" target=\"_blank\">Erste anstehende Veranstaltungen in Konzerth\u00e4usern und Theatern in Berlin werden offiziell abgesagt.<\/a><\/p>\n\n\n\n<figure class=\"wp-block-image size-large\"><img loading=\"lazy\" decoding=\"async\" width=\"997\" height=\"571\" src=\"https:\/\/www.formschub.de\/blog\/wp-content\/uploads\/2020\/05\/Bulgur_Rezept.jpg\" alt=\"\" class=\"wp-image-3439\" srcset=\"https:\/\/www.formschub.de\/blog\/wp-content\/uploads\/2020\/05\/Bulgur_Rezept.jpg 997w, https:\/\/www.formschub.de\/blog\/wp-content\/uploads\/2020\/05\/Bulgur_Rezept-300x172.jpg 300w, https:\/\/www.formschub.de\/blog\/wp-content\/uploads\/2020\/05\/Bulgur_Rezept-768x440.jpg 768w\" sizes=\"auto, (max-width: 997px) 100vw, 997px\" \/><figcaption class=\"wp-element-caption\">Am Vorabend der ersten Symptome konnte auch gesunde ayurvedische K\u00fcche die Infektion nicht mehr abwenden.<\/figcaption><\/figure>\n\n\n\n<p><strong>Mittwoch, 11. M\u00e4rz<br \/><\/strong>Zu Hause geblieben, offziell \u00bbHome Office\u00ab. Leichtes Erk\u00e4ltungsgef\u00fchl mit Husten, kein Schnupfengef\u00fchl, kein Fieber, aber Mattigkeit. Von 16:30\u201317:30 Uhr eine Stunde geschlafen. <a rel=\"noreferrer noopener\" aria-label=\"Die WHO ruft den Pandemiefall aus. (\u00f6ffnet in neuem Tab)\" href=\"http:\/\/www.euro.who.int\/de\/health-topics\/health-emergencies\/coronavirus-covid-19\/news\/news\/2020\/3\/who-announces-covid-19-outbreak-a-pandemic\" target=\"_blank\">Die WHO ruft den Pandemiefall aus.<\/a><br \/><a rel=\"noreferrer noopener\" aria-label=\"Die BVG sperrt in Berlin den Vordereinstieg bei Bussen. (\u00f6ffnet in neuem Tab)\" href=\"https:\/\/www.berliner-zeitung.de\/mensch-metropole\/wegen-corona-bvg-sperrt-vordereinstieg-in-den-busssen-li.78267\" target=\"_blank\">Die BVG sperrt in Berlin den Vordereinstieg bei Bussen.<\/a> <br \/>In Deutschland sind 2039 F\u00e4lle gemeldet.*<\/p>\n\n\n\n<p><strong>Donnerstag, 12. M\u00e4rz<\/strong><br \/>Nachts im Schlaf stark geschwitzt, mit starken Kopfschmerzen aufgewacht.<br \/>Tablette genommen (vermutlich Paracetamol), dann noch bis 10:30 Uhr geschlafen. Ganzen Tag im Bett verbracht, Kopfschmerzen lassen nur allm\u00e4hlich nach, gegen 17:00 Uhr aufgestanden, geduscht. Kein Fieber. Am Abend Besserungsgef\u00fchl, nur sporadisches Husten bleibt. Ich suche nach seri\u00f6sen Quellen im Internet, <a rel=\"noreferrer noopener\" aria-label=\"um Corona-Symptome von denen einer normalen Erk\u00e4ltung zu unterscheiden. (\u00f6ffnet in neuem Tab)\" href=\"https:\/\/www.sueddeutsche.de\/gesundheit\/coronavirus-symptome-grippe-erkaeltung-1.4840985\" target=\"_blank\">um Corona-Symptome von denen einer normalen Erk\u00e4ltung zu unterscheiden.<\/a> <br \/><a href=\"https:\/\/www.tagesschau.de\/ausland\/usa-coronavirus-einreisestopp-europa-101.html\" target=\"_blank\" rel=\"noreferrer noopener\" aria-label=\"Die USA erlassen einen 30t\u00e4gigen Einreisestopp aus Europa. (\u00f6ffnet in neuem Tab)\">Die USA erlassen einen 30t\u00e4gigen Einreisestopp aus Europa.<\/a><\/p>\n\n\n\n<figure class=\"wp-block-image size-large\"><img loading=\"lazy\" decoding=\"async\" width=\"750\" height=\"302\" src=\"https:\/\/www.formschub.de\/blog\/wp-content\/uploads\/2020\/05\/WhatsApp_Auszug.jpg\" alt=\"\" class=\"wp-image-3430\" srcset=\"https:\/\/www.formschub.de\/blog\/wp-content\/uploads\/2020\/05\/WhatsApp_Auszug.jpg 750w, https:\/\/www.formschub.de\/blog\/wp-content\/uploads\/2020\/05\/WhatsApp_Auszug-300x121.jpg 300w\" sizes=\"auto, (max-width: 750px) 100vw, 750px\" \/><\/figure>\n\n\n\n<p><strong>Freitag, 13. M\u00e4rz<\/strong><br \/>Deutliche Besserung, keine Kopfschmerzen, kein Fieber, mir geht es gut. Gegen Abend kurz nach 18:00 Uhr Treffen mit dem Mann im Craft Beer Pub, denn die Erk\u00e4ltung scheint mit den offenbar rechtzeitig eingenommenen Hausmitteln abgewehrt. Gl\u00fccklicherweise \u2013 im Nachhinein bemerkt \u2013 war sehr wenig Publikum im Pub und wir sa\u00dfen abseits anderer Tische in einer Nische am Fenster. Nach Heimkehr gegen 22:30 Uhr pl\u00f6tzlich Fiebergef\u00fchl und tats\u00e4chlich erh\u00f6hte Temperatur. Messen nicht m\u00f6glich, da die Batterie im digitalen Thermometer alle ist. Der Mann erz\u00e4hlt, dass sein Geruchssinn weg ist, einige Tage vorher hatte er Schnupfengef\u00fchl f\u00fcr 1\u20132 Tage, das aber bald verging. Bei ihm keine weiteren Symptome. <br \/><a rel=\"noreferrer noopener\" aria-label=\"Auch in Hamburg d\u00fcrfen Fahrg\u00e4ste nun nur noch hinter dem Fahrer in Busse einsteigen. (\u00f6ffnet in neuem Tab)\" href=\"https:\/\/www.nahverkehrhamburg.de\/coronavirus-vordere-tueren-in-hvv-bussen-bleiben-ab-morgen-verschlossen-14434\/\" target=\"_blank\">Auch in Hamburg d\u00fcrfen Fahrg\u00e4ste nun nur noch hinter dem Fahrer in Busse einsteigen.<\/a><\/p>\n\n\n\n<p><strong>Samstag, 14. M\u00e4rz<\/strong><br \/>Aufwachen ohne Fieber, aber ermattet. Batterie f\u00fcrs Thermometer gekauft, abends gemessen: 38,4 \u00b0C. Schw\u00e4chegef\u00fchl dauert an, begleitet von Appetitlosigkeit. Medikation weiterhin Vitamin-C-Brausetabletten, Echinacea-Tinktur, bei Kopfschmerzen gelegentlich wechselnd Aspirin\/Paracetamol. Viel Tee (Kr\u00e4utermix, Thymian, Minze), f\u00fcr die Atemwege Gelomyrtol-Kapseln.<\/p>\n\n\n\n<p><strong>Sonntag, 15. M\u00e4rz<\/strong><br \/>Morgens Fieber etwas niedriger bei 37,9 \u00b0C. Appetitlosigkeit dauert an, ebenso Husten. Am h\u00e4ufigsten esse ich Orangen, \u00c4pfel, Kn\u00e4ckebrot, Frischk\u00e4se, kaum Wurst. Abends gegen 23:30 Uhr wieder 38,4 \u00b0C.<\/p>\n\n\n\n<p><strong>Montag, 16. M\u00e4rz<\/strong><br \/>Morgens Fieber wieder unter 38,0 \u00b0C. Ansonsten unver\u00e4ndert wie am Vortag. Erster Verdacht, es k\u00f6nnte eine Corona-Infektion sein, insbesondere aufgrund des schwankenden, anhaltenden Fiebers. H\u00f6chster Wert bisher: 39,2 \u00b0C, gl\u00fccklicherweise trotz Hustens bislang keine Atemnot. Fahre fort, gelegentlich den NDR-Corona-Podcast mit Dr. Drosten zu h\u00f6ren. <br \/><a href=\"https:\/\/www.bundesregierung.de\/breg-de\/aktuelles\/vereinbarung-zwischen-der-bundesregierung-und-den-regierungschefinnen-und-regierungschefs-der-bundeslaender-angesichts-der-corona-epidemie-in-deutschland-1730934\" target=\"_blank\" rel=\"noreferrer noopener\" label=\"Die Politik beschlie\u00dft weitere Ma\u00dfnahmen: Einreisestopp f\u00fcr Drittstaatler, weltweite Reisewarnung, Beschr\u00e4nkung nicht unbedingt notwendiger Reisen in die EU, Schlie\u00dfung zahlreicher Gesch\u00e4fte. (\u00f6ffnet in neuem Tab)\">Die Politik beschlie\u00dft weitere Ma\u00dfnahmen: Einreisestopp f\u00fcr Drittstaatler, weltweite Reisewarnung, Beschr\u00e4nkung nicht unbedingt notwendiger Reisen in die EU, Schlie\u00dfung zahlreicher Gesch\u00e4fte.<\/a><\/p>\n\n\n\n<p><strong>Dienstag, 17. M\u00e4rz<br \/><\/strong>Zustand unver\u00e4ndert: Husten, Fieber, Schw\u00e4che. Beginne, mich nach der M\u00f6glichkeit f\u00fcr einen Corona-Test zu erkundigen. <\/p>\n\n\n\n<p><strong>Mittwoch, 18. M\u00e4rz<br \/><\/strong>Leichtes Gef\u00fchl der Besserung, trotzdem nach wie vor Husten und Appetitlosigkeit, vormittags Temperatur 38,5 \u00b0C. Am fr\u00fchen Abend etwas geschlafen. Der Mann berichtet von der allm\u00e4hlichen R\u00fcckkehr seines Geruchssinns. <a rel=\"noreferrer noopener\" aria-label=\"Angela Merkel h\u00e4lt ihre Corona-Fernsehansprache. (\u00f6ffnet in neuem Tab)\" href=\"https:\/\/www.tagesschau.de\/inland\/merkel-rede-109.html\" target=\"_blank\">Angela Merkel h\u00e4lt ihre Corona-Fernsehansprache.<\/a> <br \/>Der Freund, der mich am 10. M\u00e4rz besuchte, erz\u00e4hlt von leicht erh\u00f6hter Temperatur seit einigen Tagen sowie Kratzen im Hals.<\/p>\n\n\n\n<p><strong>Donnerstag, 19. M\u00e4rz<\/strong><br \/>Nachts mit k\u00fchler Kompresse geschlafen zur Linderung der Temperatur. Leichter Durchfall, weiterhin Husten, manchmal st\u00e4rker mit merklichen Atembeschwerden, aber keine Atemnot. Aus Superm\u00e4rkten werden im Netz Bilder von leeren Regalen aufgrund von Hamsterk\u00e4ufen gepostet \u2013 Toilettenpapier, Nudeln, Mehl. <\/p>\n\n\n\n<figure class=\"wp-block-embed is-type-rich is-provider-twitter wp-block-embed-twitter\"><div class=\"wp-block-embed__wrapper\">\n<blockquote class=\"twitter-tweet\" data-width=\"550\" data-dnt=\"true\"><p lang=\"de\" dir=\"ltr\">Die Gewinner dieser <a href=\"https:\/\/twitter.com\/hashtag\/Hamsterk%C3%A4ufe?src=hash&amp;ref_src=twsrc%5Etfw\">#Hamsterk\u00e4ufe<\/a> werden allein die Mehlmotten sein.   <a href=\"https:\/\/twitter.com\/hashtag\/Covid_19?src=hash&amp;ref_src=twsrc%5Etfw\">#Covid_19<\/a> <a href=\"https:\/\/twitter.com\/hashtag\/Corona?src=hash&amp;ref_src=twsrc%5Etfw\">#Corona<\/a> <a href=\"https:\/\/t.co\/sPffq0FaGB\">pic.twitter.com\/sPffq0FaGB<\/a><\/p>&mdash; Doroth\u00e9e de N\u00e8ve (@DorotheedeNeve) <a href=\"https:\/\/twitter.com\/DorotheedeNeve\/status\/1241474261694455819?ref_src=twsrc%5Etfw\">March 21, 2020<\/a><\/blockquote><script async src=\"https:\/\/platform.twitter.com\/widgets.js\" charset=\"utf-8\"><\/script>\n<\/div><\/figure>\n\n\n\n<p><strong>Freitag, 20. M\u00e4rz<\/strong><br \/>Temperatur am Vormittag 38,6 \u00b0C. Ansonsten unver\u00e4nderter Zustand. Seit Tagen nicht das Haus verlassen, viel Ruhe, Tee. Anruf beim Hausarzt bzgl. Erkundigung nach einem Corona-Test, man verweist mich auf die beiden zentralen Rufnummern 116 117 (\u00e4rztlicher Bereitschaftsdienst) und 040 311 9 311 (Hamburger Gesundheitsamt-Hotline). Anrufe bei beiden Hotlines verlaufen nach derselben ergebnislosen Prozedur: man stellt mir die beiden damals bindenden Standardfragen <em>\u00bbWaren Sie auf einer Reise in ein ausgewiesenes Risikogebiet?\u00ab<\/em> (nein) und <em>\u00bbHatten Sie Kontakt zu einer nachweislich an COVID-19 infizierten Person?\u00ab<\/em> (nein). Ergo: <em>\u00bbDa k\u00f6nn\u2019 wa n\u00fcscht f\u00fcr Sie tun \u2013 zu Hause bleim, auskuriern!\u00ab<\/em> lautete die schon fast etwas br\u00fcsk vorgetragene Handlungsanweisung. Kann aber auch an der h\u00f6rbaren \u00bbBerliner Schnauze\u00ab einer der beiden Hotlinedame gelegen haben.<\/p>\n\n\n\n<p><strong>Samstag, 21. M\u00e4rz<\/strong><br \/>Die anhaltende Appetitlosigkeit wird begleitet von einem gewissen Gef\u00fchl des Ekels vor Essen, als seien alle Nahrungsmittel nur m\u00fchsam vor der Verwesung bewahrte Substanzen, die man m\u00f6glichst schnell zu essen hat, bevor sie ungenie\u00dfbar werden. Au\u00dferdem schmeckt das Essen nicht wie sonst, der Geschmack erscheint \u00bbflacher\u00ab, eindimensionaler, unappetitlicher. Alles schmeckt irgendwie <em>zu sehr<\/em> nach irgendwas: zu fettig, zu salzig, zu s\u00fc\u00df.<\/p>\n\n\n\n<p><strong>Sonntag, 22. M\u00e4rz<\/strong><br \/>Das Fieber l\u00e4sst merklich nach. W\u00e4hrend der st\u00e4rkeren Phasen erlebte ich auch Sinnest\u00e4uschungen (kein Delirium) \u2013 einmal das Gef\u00fchl, ich sei ca. 50 cm gr\u00f6\u00dfer als normalerweise, alle M\u00f6bel und Einrichtungsgegenst\u00e4nde in der Wohnung erschienen mir klein, puppig, tief unten gelegen, als st\u00fcnde ich auf einem Podest. Seit Tagen auch oft mehrere Sekunden anhaltender, st\u00e4rkerer Schwindel beim Aufstehen aus liegender oder sitzender Position, vermutlich der Kreislauf bzw. zu niedriger Blutdruck. Weiterhin gelegentlich Durchfall.<\/p>\n\n\n\n<p><strong>Montag, 23. M\u00e4rz<\/strong><br \/>Weiterhin viel und starker Husten, unproduktiv, trocken. Temperatur 37,8 \u00b0C. Ganz allm\u00e4hlich kehrt der Appetit zur\u00fcck, subjektives Gef\u00fchl des Gewichtsverlustes, noch ohne Best\u00e4tigung durch die Waage. <a rel=\"noreferrer noopener\" aria-label=\"Ich entdecke j\u00fcngste Berichte \u00fcber Erkenntnisse auf, dass unter den Symptomen von COVID-19 auch der vor\u00fcbergehende Verlust des Geruchssinns vorkommt. (\u00f6ffnet in neuem Tab)\" href=\"https:\/\/www.aerztezeitung.de\/Nachrichten\/COVID-19-Patienten-berichten-ueber-Geruchs-und-Geschmacksverlust-407747.html\" target=\"_blank\">Ich entdecke j\u00fcngste Berichte \u00fcber Erkenntnisse, dass unter den Symptomen von COVID-19 auch der vor\u00fcbergehende Verlust des Geruchssinns vorkommt<\/a> und berichte dem Mann davon.<\/p>\n\n\n\n<figure class=\"wp-block-embed is-type-rich is-provider-twitter wp-block-embed-twitter\"><div class=\"wp-block-embed__wrapper\">\n<blockquote class=\"twitter-tweet\" data-width=\"550\" data-dnt=\"true\"><p lang=\"de\" dir=\"ltr\">Nach 10 Tagen endlich wieder angekommen bei einer K\u00f6rpertemperatur von unter 38\u00b0C. Es sind die kleinen Dinge.<\/p>&mdash; schurfmob (@formschub) <a href=\"https:\/\/twitter.com\/formschub\/status\/1242100056246882308?ref_src=twsrc%5Etfw\">March 23, 2020<\/a><\/blockquote><script async src=\"https:\/\/platform.twitter.com\/widgets.js\" charset=\"utf-8\"><\/script>\n<\/div><\/figure>\n\n\n\n<p><strong>Dienstag, 24. M\u00e4rz<\/strong><br \/>Heute gewogen. Seit 11. M\u00e4rz \u00fcber 8 kg abgenommen. Trotz h\u00e4uslicher, selbst verordneter Quarant\u00e4ne immer mal wieder am Rechner gearbeitet, wenn etwas anfiel, aufgrund der Situation ist allerdings auch das Arbeitsaufkommen geringer. Hoffentlich gibt sich das bald.<\/p>\n\n\n\n<p><strong>Mittwoch, 25. M\u00e4rz<br \/><\/strong>Im Schlaf wieder stark geschwitzt, Temperatur am Morgen allerdings nur 36,8 \u00b0C. Der Appetit ist wieder da und auch das Essen schmeckt wieder.<\/p>\n\n\n\n<p><strong>Donnerstag, 26. M\u00e4rz<br \/><\/strong>Morgens 36,9 \u00b0C. Das erste Mal seit dem 13. M\u00e4rz wieder drau\u00dfen gewesen f\u00fcr einen Spaziergang. Ich sp\u00fcre die Schw\u00e4che, die die Krankheit hinterlassen hat, durch die wenig beanspruchten Muskeln und den Gewichtsverlust. Das Handy z\u00e4hlt 3.870 bed\u00e4chtige Schritte, gut eine Stunde gewandert in der Umgebung der Wohnung, m\u00f6glichst durchs Gr\u00fcne, die frische Luft und die Bewegung tun gut. Abends pl\u00f6tzlich st\u00e4rkerer Husten, ich vermute, die k\u00fchle eingeatmete Luft w\u00e4hrend des Spaziergangs hat die Lungen etwas gestresst.<\/p>\n\n\n\n<figure class=\"wp-block-image size-large\"><img loading=\"lazy\" decoding=\"async\" width=\"750\" height=\"735\" src=\"https:\/\/www.formschub.de\/blog\/wp-content\/uploads\/2020\/05\/Schrittzaehler_Maerz2020.jpg\" alt=\"\" class=\"wp-image-3404\" srcset=\"https:\/\/www.formschub.de\/blog\/wp-content\/uploads\/2020\/05\/Schrittzaehler_Maerz2020.jpg 750w, https:\/\/www.formschub.de\/blog\/wp-content\/uploads\/2020\/05\/Schrittzaehler_Maerz2020-300x294.jpg 300w\" sizes=\"auto, (max-width: 750px) 100vw, 750px\" \/><figcaption class=\"wp-element-caption\">Der Schrittz\u00e4hler im iPhone markiert die Krankheitsphase deutlich.<\/figcaption><\/figure>\n\n\n\n<p><strong>Freitag, 27. M\u00e4rz<\/strong><br \/>Temperatur erneut 36,9 \u00b0C. Husten wieder merklich weniger.<\/p>\n\n\n\n<p><strong>Samstag, 28. M\u00e4rz<\/strong><br \/>Langer Spaziergang rund um und durch den Stadtpark, 6.373 Schritte, allerdings wieder bei recht k\u00fchlem Wetter, trotz Sonnenschein. B\u00e4rlauch gesehen, aber keinen gepfl\u00fcckt.<\/p>\n\n\n\n<figure class=\"wp-block-image size-large\"><img loading=\"lazy\" decoding=\"async\" width=\"768\" height=\"1024\" src=\"https:\/\/www.formschub.de\/blog\/wp-content\/uploads\/2020\/05\/Baerlauch-768x1024.jpg\" alt=\"\" class=\"wp-image-3405\" srcset=\"https:\/\/www.formschub.de\/blog\/wp-content\/uploads\/2020\/05\/Baerlauch-768x1024.jpg 768w, https:\/\/www.formschub.de\/blog\/wp-content\/uploads\/2020\/05\/Baerlauch-225x300.jpg 225w, https:\/\/www.formschub.de\/blog\/wp-content\/uploads\/2020\/05\/Baerlauch-1152x1536.jpg 1152w, https:\/\/www.formschub.de\/blog\/wp-content\/uploads\/2020\/05\/Baerlauch-1536x2048.jpg 1536w, https:\/\/www.formschub.de\/blog\/wp-content\/uploads\/2020\/05\/Baerlauch-scaled.jpg 1920w\" sizes=\"auto, (max-width: 768px) 100vw, 768px\" \/><figcaption class=\"wp-element-caption\">Eine B\u00e4rlauchinsel im Hamburger Stadtpark.<\/figcaption><\/figure>\n\n\n\n<figure class=\"wp-block-embed is-type-rich is-provider-twitter wp-block-embed-twitter\"><div class=\"wp-block-embed__wrapper\">\n<blockquote class=\"twitter-tweet\" data-width=\"550\" data-dnt=\"true\"><p lang=\"de\" dir=\"ltr\">8 kg abgenommen innerhalb von 14 Tagen. Die Corona-Di\u00e4t erreicht Stellen, da kommen Weightwatcherspunkte gar nicht hin.<\/p>&mdash; schurfmob (@formschub) <a href=\"https:\/\/twitter.com\/formschub\/status\/1243951291254136832?ref_src=twsrc%5Etfw\">March 28, 2020<\/a><\/blockquote><script async src=\"https:\/\/platform.twitter.com\/widgets.js\" charset=\"utf-8\"><\/script>\n<\/div><\/figure>\n\n\n\n<p><strong>Sonntag, 29. M\u00e4rz<br \/><\/strong>Ausflug zum Naturschutzgebiet Die Reit nahe Hamburg, Spaziergang mit 4.198 Schritten. Wieder sehr k\u00fchle Luft, aber herrlich sonniges, wolkenloses Wetter. Fieber scheint endg\u00fcltig weg zu sein, gegen den hartn\u00e4ckigen Husten reichere ich meinen Tee nun mit frischen Ingwerscheiben und einer Prise Kurkuma an. Habe das Gef\u00fchl, das tut mir gut. Nach wie vor habe ich die Vermutung, dass zu langes Einatmen k\u00fchler Luft bei Spazierg\u00e4ngen abends wieder zu vermehrtem Husten f\u00fchrt und werde das k\u00fcnftig durch einen Schal vor dem Mund zu mindern versuchen.<\/p>\n\n\n\n<figure class=\"wp-block-embed is-type-rich is-provider-twitter wp-block-embed-twitter\"><div class=\"wp-block-embed__wrapper\">\n<blockquote class=\"twitter-tweet\" data-width=\"550\" data-dnt=\"true\"><p lang=\"en\" dir=\"ltr\">\u00bbExcuse me while I kiss the sky.\u00ab<br>(Jimi Hendrix) <a href=\"https:\/\/t.co\/c4js7R2r5T\">pic.twitter.com\/c4js7R2r5T<\/a><\/p>&mdash; schurfmob (@formschub) <a href=\"https:\/\/twitter.com\/formschub\/status\/1244305890599153665?ref_src=twsrc%5Etfw\">March 29, 2020<\/a><\/blockquote><script async src=\"https:\/\/platform.twitter.com\/widgets.js\" charset=\"utf-8\"><\/script>\n<\/div><\/figure>\n\n\n\n<p><strong>Montag, 30. M\u00e4rz<br \/><\/strong>Der andauernde, trockene Husten nervt. Ich nehme seit heute 1\u20132x am Tag eine ACC-Brausetablette, um eventuelle Sekrete in der Lunge zu l\u00f6sen. Der m\u00f6glicherweise von mir infizierte Freund berichtet von Hautausschlag an den Beinen und geschwollenen Hand- und Fu\u00dfgelenken, in keiner aktuellen Quelle wird dies bislang mit COVID-19 in Verbindung gebracht \u2013 vielleicht Durchblutungsst\u00f6rungen durch ung\u00fcnstiges Sitzen im Home-Office? Au\u00dfer moderatem Husten und einer l\u00e4ngeren Phase mit zeitweise erh\u00f6hter Temperatur gab es bei ihm keine weiteren Symptome.<\/p>\n\n\n\n<figure class=\"wp-block-image size-large\"><img loading=\"lazy\" decoding=\"async\" width=\"1024\" height=\"1024\" src=\"https:\/\/www.formschub.de\/blog\/wp-content\/uploads\/2020\/05\/Corona_Sucks.jpg\" alt=\"\" class=\"wp-image-3408\" srcset=\"https:\/\/www.formschub.de\/blog\/wp-content\/uploads\/2020\/05\/Corona_Sucks.jpg 1024w, https:\/\/www.formschub.de\/blog\/wp-content\/uploads\/2020\/05\/Corona_Sucks-300x300.jpg 300w, https:\/\/www.formschub.de\/blog\/wp-content\/uploads\/2020\/05\/Corona_Sucks-150x150.jpg 150w, https:\/\/www.formschub.de\/blog\/wp-content\/uploads\/2020\/05\/Corona_Sucks-768x768.jpg 768w\" sizes=\"auto, (max-width: 1024px) 100vw, 1024px\" \/><figcaption class=\"wp-element-caption\">Graffiti an einer Wand in meiner Wohngegend.<\/figcaption><\/figure>\n\n\n\n<p><strong>Dienstag, 31. M\u00e4rz<br \/><\/strong>Das Fieber scheint endg\u00fcltig vorbei zu sein. Wie sehr mich die letzten Tage geschw\u00e4cht haben, merke ich, als ich vormittags mit dem Handr\u00fchrger\u00e4t 8 Minuten lang einen schweren Brotteig durchknete, um mal wieder ein Brot zu backen. Danach f\u00fchle ich mich so ersch\u00f6pft, dass ich mich zum Ausruhen hinlegen muss. Ich lese <a rel=\"noreferrer noopener\" aria-label=\"erste Meldungen \u00fcber SARS-Cov2-Antik\u00f6rpertests, (\u00f6ffnet in neuem Tab)\" href=\"https:\/\/www.pharmazeutische-zeitung.de\/schluessel-zur-eindaemmung-116642\/seite\/2\/\" target=\"_blank\">erste Meldungen \u00fcber SARS-CoV-2-Antik\u00f6rpertests,<\/a> die aber noch nicht allzu verl\u00e4sslich und ziemlich teuer sind sowie aktuell nicht von der Krankenkasse bezahlt werden. Werde das mal beobachten, so ein Test w\u00e4re f\u00fcr mehr Gewissheit sicherlich ratsam. <br \/>Abends einige Stunden lang vor\u00fcbergehend st\u00e4rkere Kopfschmerzen, vielleicht auch nur Wetterf\u00fchligkeit oder ich habe zu wenig getrunken.<\/p>\n\n\n\n<p><strong>Mittwoch, 01. April<br \/><\/strong>Immer noch Husten und Schw\u00e4chegef\u00fchl, ansonsten keine besonderen Vorkommnisse. <a href=\"https:\/\/www.mdr.de\/wissen\/mundschutz-forschung-pro-contra-masken-corona-100.html\" target=\"_blank\" rel=\"noreferrer noopener\" aria-label=\"In den Medien wird anhaltend \u00fcber das Pro und Contra des Tragens von Schutzmasken diskutiert. (\u00f6ffnet in neuem Tab)\">In den Medien wird anhaltend \u00fcber das Pro und Contra des Tragens von Schutzmasken diskutiert.<\/a><\/p>\n\n\n\n<p><strong>Donnerstag, 02. April<\/strong><br \/>Nach einem Arztbesuch erh\u00e4lt der erkrankte Freund f\u00fcr sein Krankheitsbild die ungew\u00f6hnliche Diagnose <a href=\"https:\/\/www.rheuma-liga.de\/rheuma\/krankheitsbilder\/vaskulitis\" target=\"_blank\" rel=\"noreferrer noopener\" aria-label=\"\u00bbVaskulitis\u00ab \u2013 eine Gef\u00e4\u00dferkrankung, die erstens sehr selten ist und zweitens entweder Patienten \u00fcber 60 Jahre oder aber Kinder betrifft, (\u00f6ffnet in neuem Tab)\">\u00bbVaskulitis\u00ab \u2013 eine Gef\u00e4\u00dferkrankung, die erstens sehr selten ist und zweitens entweder Patienten \u00fcber 60 Jahre oder aber Kinder betrifft,<\/a> wo der Symptomkomplex auch als \u00bbKawasaki-Syndrom\u00ab bezeichnet wird. Bislang gibt es keine Berichte in den Medien, die diese Symptomatik mit COVID-19 in Verbindung bringt. Sehr merkw\u00fcrdig.<\/p>\n\n\n\n<p><strong>Freitag, 03. April<br \/><\/strong>Keine Aufzeichnungen.<\/p>\n\n\n\n<p><strong>Samstag, 04. April<br \/><\/strong>Immer noch Husten, n\u00e4chtliches Schwitzen und allgemein verminderte k\u00f6rperliche Kondition. Ansonsten f\u00fchle ich mich allm\u00e4hlich einigerma\u00dfen \u00bbgesundet\u00ab.<\/p>\n\n\n\n<p><strong>Sonntag, 05. April<br \/><\/strong>Nachmittags Wanderung mit dem Mann im Duvenstedter Brook, ansonsten keine Aufzeichnungen.<\/p>\n\n\n\n<figure class=\"wp-block-image size-large\"><img loading=\"lazy\" decoding=\"async\" width=\"1024\" height=\"1024\" src=\"https:\/\/www.formschub.de\/blog\/wp-content\/uploads\/2020\/05\/Schluesselblumen-1024x1024.jpg\" alt=\"\" class=\"wp-image-3406\" srcset=\"https:\/\/www.formschub.de\/blog\/wp-content\/uploads\/2020\/05\/Schluesselblumen-1024x1024.jpg 1024w, https:\/\/www.formschub.de\/blog\/wp-content\/uploads\/2020\/05\/Schluesselblumen-300x300.jpg 300w, https:\/\/www.formschub.de\/blog\/wp-content\/uploads\/2020\/05\/Schluesselblumen-150x150.jpg 150w, https:\/\/www.formschub.de\/blog\/wp-content\/uploads\/2020\/05\/Schluesselblumen-768x768.jpg 768w, https:\/\/www.formschub.de\/blog\/wp-content\/uploads\/2020\/05\/Schluesselblumen-1536x1536.jpg 1536w, https:\/\/www.formschub.de\/blog\/wp-content\/uploads\/2020\/05\/Schluesselblumen-2048x2048.jpg 2048w\" sizes=\"auto, (max-width: 1024px) 100vw, 1024px\" \/><figcaption class=\"wp-element-caption\">Ein Fr\u00fchlingsbote im Wald.<\/figcaption><\/figure>\n\n\n\n<p><strong>Montag, 06. April<br \/><\/strong>Das erste Mal wieder im B\u00fcro (nur f\u00fcr diesen einen Tag, um einige Dinge von dort nach Hause zu holen), sogar mit dem Fahrrad, wenn auch in gem\u00e4chlichem Tempo. Es ist nur ein weiterer Kollege dort, wir halten vorsichtshalber Abstand und Vorsichtsma\u00dfnahmen ein, obwohl ich inzwischen sehr wahrscheinlich nicht mehr infekti\u00f6s bin.<\/p>\n\n\n\n<p><strong>Dienstag, 07. April<br \/><\/strong>Sch\u00f6nes Zitat gefunden, passend zur Diskussion um die derzeitige h\u00e4ufige Korrektur der \u00bbCorona-Erkenntnisse\u00ab in Wissenschaft und Politik von Tag zu Tag:<\/p>\n\n\n\n<blockquote class=\"wp-block-quote is-layout-flow wp-block-quote-is-layout-flow\">\n<p>\u00bbEine Erkenntnis von heute kann die Tochter eines Irrtums von gestern sein.\u00ab (Marie von Ebner-Eschenbach)<\/p>\n<\/blockquote>\n\n\n\n<hr class=\"wp-block-separator has-css-opacity\"\/>\n\n\n\n<p><strong>Samstag, 11. April<br \/><\/strong>Einen Monat nach dem Auftreten der ersten Symptome selbst die Haare geschnitten. <a href=\"https:\/\/twitter.com\/formschub\/status\/1248967065148547072\" target=\"_blank\" rel=\"noreferrer noopener\" aria-label=\"Gelingt (\u00f6ffnet in neuem Tab)\">Gelingt<\/a>. Ich bin wieder \u00bballtagstauglich\u00ab.<\/p>\n\n\n\n<hr class=\"wp-block-separator has-css-opacity\"\/>\n\n\n\n<p><strong>Dienstag, 28. April<br \/><\/strong>Der Husten ist seltener geworden, tritt aber immer noch ab und zu auf. Heute habe ich einen Termin bei meinem Hausarzt zum \u00bbAfter-Corona-Check\u00ab: Stethoskopuntersuchung der Lunge, Ultraschall des Brust- und Bauchraums, Ruhe-EKG sowie Blutabnahme f\u00fcr einen SARS-CoV-2-Antik\u00f6rpertest. Der Befund des Arztes nach der Untersuchung ist gut, beim EKG sogar \u00bbsuper\u00ab, er kann keine Organsch\u00e4den erkennen. Mal sehen, was der Antik\u00f6rpertest in einigen Tagen ergibt. <\/p>\n\n\n\n<hr class=\"wp-block-separator has-css-opacity\"\/>\n\n\n\n<p><strong>Donnerstag, 30. April<br \/><\/strong><a rel=\"noreferrer noopener\" aria-label=\"Es tauchen erste Meldungen auf, dass COVID-19 bei Kindern und Erwachsenen Gef\u00e4\u00dfentz\u00fcndungen hervorruft. (\u00f6ffnet in neuem Tab)\" href=\"https:\/\/www.pharmazeutische-zeitung.de\/sars-cov-2-und-das-kawasaki-syndrom-bei-kindern\/\" target=\"_blank\">Es tauchen erste Meldungen auf, dass COVID-19 bei Kindern und Erwachsenen Gef\u00e4\u00dfentz\u00fcndungen hervorruft.<\/a> Bei Kindern nennt sich eine Erscheinungsform dieses Symptoms \u00bbKawasaki-Syndrom\u00ab, sie <a rel=\"noreferrer noopener\" aria-label=\"geht oft einher mit den Anzeichen einer Vaskulitis. (\u00f6ffnet in neuem Tab)\" href=\"https:\/\/www.aerzteblatt.de\/nachrichten\/112543\/COVID-19-Berichte-ueber-Kawasaki-Syndrom-bei-Kindern\" target=\"_blank\">geht oft einher mit den Anzeichen einer Vaskulitis.<\/a> Ich denke, ich kenne mindestens einen Erwachsenen in meinem Freundeskreis, der ebenfalls davon betroffen war. <em>(Update: Inzwischen hat er ebenfalls einen Antik\u00f6rpertest machen lassen \u2013 mit positivem Ergebnis.)<\/em><\/p>\n\n\n\n<hr class=\"wp-block-separator has-css-opacity\"\/>\n\n\n\n<p><strong>Montag, 04. Mai<br \/><\/strong>Das Ergebnis des Antik\u00f6rpertests ist da \u2013 im Kontext mit allen anderen geschilderten Ereignissen bin ich mir nun ziemlich sicher. Aber bin ich jetzt immun?<\/p>\n\n\n\n<p><a href=\"https:\/\/www.ndr.de\/ratgeber\/gesundheit\/Coronavirus-Wie-zuverlaessig-sind-Antikoerpertests,coronavirus1232.html\">https:\/\/www.ndr.de\/ratgeber\/gesundheit\/Coronavirus-Wie-zuverlaessig-sind-Antikoerpertests,coronavirus1232.html<\/a><\/p>\n\n\n\n<figure class=\"wp-block-embed is-type-rich is-provider-twitter wp-block-embed-twitter\"><div class=\"wp-block-embed__wrapper\">\n<blockquote class=\"twitter-tweet\" data-width=\"550\" data-dnt=\"true\"><p lang=\"de\" dir=\"ltr\">Schwarz auf wei\u00df. <a href=\"https:\/\/t.co\/xPAvQNVWeo\">pic.twitter.com\/xPAvQNVWeo<\/a><\/p>&mdash; schurfmob (@formschub) <a href=\"https:\/\/twitter.com\/formschub\/status\/1261615929009586176?ref_src=twsrc%5Etfw\">May 16, 2020<\/a><\/blockquote><script async src=\"https:\/\/platform.twitter.com\/widgets.js\" charset=\"utf-8\"><\/script>\n<\/div><\/figure>\n\n\n\n<hr class=\"wp-block-separator has-css-opacity\"\/>\n\n\n\n<p><strong>Ende Juni<\/strong> steht noch eine Untersuchung beim Lungenfacharzt an, um zu kl\u00e4ren, ob die Erkrankung dort Sch\u00e4den hinterlassen hat. Ein Antik\u00f6rpertest f\u00fcr den Mann steht noch aus. <\/p>\n\n\n\n<hr class=\"wp-block-separator has-css-opacity\"\/>\n\n\n\n<p><strong>Montag, 08. Juni (Update)<br \/><\/strong>Letzte Woche hat sich auch der Mann auf Antik\u00f6rper testen lassen, beim selben Arzt und in demselben Labor. Das heute erfragte Ergebnis ist positiv.<\/p>\n\n\n\n<p><strong>Mittwoch, 24. Juni (Update)<br \/><\/strong>Heute fr\u00fch um 8:30 Uhr war der Termin zum \u00bbAfter-Corona-Check\u00ab in der <a rel=\"noreferrer noopener\" href=\"https:\/\/www.elbpneumologie.de\" target=\"_blank\">Lungenfacharzt-Praxis<\/a>. Nach allen Leistungs- und Atemtests (<a href=\"https:\/\/de.wikipedia.org\/wiki\/Bodyplethysmographie\" target=\"_blank\" rel=\"noreferrer noopener\">Bodyplethysmographie<\/a>, <a href=\"https:\/\/de.wikipedia.org\/wiki\/Kohlenmonoxid-Transferfaktor\" target=\"_blank\" rel=\"noreferrer noopener\">CO-Diffusionsmessung<\/a>) bescheinigt man mir \u00bbuneingeschr\u00e4nkt gute\u00ab Lungenfunktion und insgesamt ein \u00bbsuper\u00ab Ergebnis.<br \/>Ich bin also noch mal gut davongekommen \u2013 und sehr dankbar daf\u00fcr.<br \/><br \/>Wir werden wohl noch viel \u00fcber das Virus und diese neue Krankheit lernen.<\/p>\n\n\n\n<blockquote class=\"wp-block-quote is-layout-flow wp-block-quote-is-layout-flow\">\n<p>\u00bbMeine beste Metapher daf\u00fcr bis jetzt ist eine wilde <a href=\"https:\/\/www.youtube.com\/watch?v=DYvr4k06Wkg\" target=\"_blank\" rel=\"noreferrer noopener\" aria-label=\"Gremlin-Party (\u00f6ffnet in neuem Tab)\">Gremlin-Party<\/a> im Haus meines K\u00f6rpers. Als ob die Viren an allen Ecken ungehemmt ausprobieren w\u00fcrden, was sie alles durcheinanderbringen k\u00f6nnen.\u00ab<\/p>\n<cite><a href=\"https:\/\/twitter.com\/formschub\/status\/1243959448210677761\" target=\"_blank\" rel=\"noreferrer noopener\" aria-label=\"(Antwort von mir auf Twitter am 28. M\u00e4rz auf die Frage, wie die Infektion verlief) (\u00f6ffnet in neuem Tab)\">(Antwort von mir auf Twitter am 28. M\u00e4rz auf die Frage, wie die Infektion verlief)<\/a><\/cite><\/blockquote>\n\n\n\n<hr class=\"wp-block-separator has-css-opacity\"\/>\n\n\n\n<h4 class=\"wp-block-heading\" id=\"coronalinks\"><strong>Eine gelegentlich erg\u00e4nzte Linkliste zu neuen Erkenntnissen \u00fcber das Virus und die Pandemie:<\/strong><\/h4>\n\n\n\n<p><em>(chronologisch sortiert nach Ver\u00f6ffentlichungsdatum)<\/em><\/p>\n\n\n\n<ul class=\"wp-block-list\">\n<li><a rel=\"noreferrer noopener\" href=\"https:\/\/informationisbeautiful.net\/visualizations\/covid-19-coronavirus-infographic-datapack\/\" target=\"_blank\">COVID-19 Coronavirus Infographic Datapack<\/a> \u2013 eine <strong>laufend aktualisierte Seite<\/strong> mit sehr gut aufbereiteten grafischen Visualisierungen zur Pandemie<\/li>\n\n\n\n<li><a rel=\"noreferrer noopener\" href=\"https:\/\/elemental.medium.com\/every-covid-19-symptom-we-know-about-right-now-from-head-to-toe-bd1d47584096\" target=\"_blank\">Every Covid-19 Symptom We Know About Right Now, From Head to Toe<\/a> <br \/>(Medium, 18. Mai 2020)<\/li>\n\n\n\n<li><a rel=\"noreferrer noopener\" href=\"https:\/\/www.quarks.de\/gesundheit\/medizin\/langzeitschaeden-von-covid-19-was-wir-wissen-und-was-nicht\/\" target=\"_blank\">Wie&nbsp;gef\u00e4hrlich&nbsp;ist das&nbsp;Coronavirus?<\/a><br \/>(Quarks, 18. Mai 2020)<\/li>\n\n\n\n<li><a rel=\"noreferrer noopener\" href=\"https:\/\/elemental.medium.com\/coronavirus-may-be-a-blood-vessel-disease-which-explains-everything-2c4032481ab2\" target=\"_blank\">Coronavirus May Be a Blood Vessel Disease, Which Explains Everything<\/a><br \/>(Medium, 29. Mai 2020)<\/li>\n\n\n\n<li><a rel=\"noreferrer noopener\" href=\"https:\/\/sciencefiles.org\/2020\/06\/05\/massive-hirnschaden-bei-covid-19-toten-munchner-autopsie-ergebnisse\/\" target=\"_blank\">Massive Hirnsch\u00e4den bei COVID-19-Toten \u2013 M\u00fcnchner Autopsie-Ergebnisse<\/a><br \/>(ScienceFiles, 05. Juni 2020)<\/li>\n\n\n\n<li><a rel=\"noreferrer noopener\" href=\"https:\/\/time.com\/5848681\/covid-19-world-environment-day\/\" target=\"_blank\">COVID-19 Is a Symptom of a Bigger Problem: Our Planet\u2019s Ailing Health<\/a><br \/>(TIME Magazine, 05. Juni 2020)<\/li>\n\n\n\n<li><a rel=\"noreferrer noopener\" href=\"https:\/\/www.spektrum.de\/news\/vielleicht-wird-es-keinen-corona-impfstoff-geben\/1740288\" target=\"_blank\">Vielleicht wird es keinen Corona-Impfstoff geben<\/a><br \/>(Spektrum, 08. Juni 2020)<\/li>\n\n\n\n<li><a rel=\"noreferrer noopener\" href=\"https:\/\/www.spektrum.de\/news\/wie-sars-cov-2-in-deutschland-aussterben-kann\/1741310\" target=\"_blank\">Wie Sars-CoV-2 in Deutschland aussterben kann<\/a><br \/>(Spektrum, 09. Juni 2020)<\/li>\n\n\n\n<li><a rel=\"noreferrer noopener\" href=\"https:\/\/krautreporter.de\/3353-manche-covid-19-kranke-werden-einfach-nicht-gesund\" target=\"_blank\">Manche Covid-19-Kranke werden einfach nicht gesund<\/a><br \/>(Krautreporter, 10. Juni 2020)<\/li>\n\n\n\n<li><a rel=\"noreferrer noopener\" href=\"https:\/\/www.spiegel.de\/panorama\/covid-19-folgeschaeden-ueberlebt-heisst-nicht-ueberstanden-a-1dd36fa8-0f62-43a0-8df6-b7f67841379e\" target=\"_blank\">Covid-19-Folgesch\u00e4den: Jede Treppe ein Marathon<\/a><br \/>(Spiegel, 13. Juni 2020)<\/li>\n\n\n\n<li><a rel=\"noreferrer noopener\" href=\"https:\/\/www.nature.com\/articles\/d41586-020-01738-2\" target=\"_blank\">How deadly is the coronavirus? Scientists are close to an answer.<\/a><br \/>(nature, 16. Juni 2020)<\/li>\n\n\n\n<li><a rel=\"noreferrer noopener\" href=\"https:\/\/www.quarks.de\/gesundheit\/darum-sollten-wir-nicht-auf-einen-impfstoff-warten\/\" target=\"_blank\">Coronavirus \u2013 darum sollten wir nicht auf einen Impfstoff warten<\/a><br \/>(Quarks, 18. Juni 2020)<\/li>\n\n\n\n<li><a rel=\"noreferrer noopener\" href=\"https:\/\/www.bbc.com\/future\/article\/20200622-the-long-term-effects-of-covid-19-infection\" target=\"_blank\">How Covid-19 can damage the brain<\/a><br \/>(BBC, 23. Juni 2020)<\/li>\n\n\n\n<li><a rel=\"noreferrer noopener\" href=\"https:\/\/www.zdf.de\/politik\/frontal-21\/langzeitfolgen-bei-corona-patienten-100.html\" target=\"_blank\">Das unberechenbare Virus \u2013 Langzeitfolgen bei Corona-Patienten<\/a><br \/>(ZDF \u00bbFrontal 21\u00ab, 23.06.2021 | Video, 6 min \u2013 verf\u00fcgbar bis 23.06.2021)<\/li>\n\n\n\n<li><a rel=\"noreferrer noopener\" href=\"https:\/\/www.geo.de\/wissen\/gesundheit\/23067-rtkl-pandemie-um-leben-und-tod-aus-dem-inneren-einer-corona-klinik\" target=\"_blank\">Um Leben und Tod: Aus dem Inneren einer Corona-Klinik<\/a><br \/>(GEO-Reportage, 24. Juni 2020)<\/li>\n\n\n\n<li><a rel=\"noreferrer noopener\" href=\"https:\/\/www.nytimes.com\/interactive\/2020\/us\/coronavirus-spread.html\" target=\"_blank\">How the Virus Won<\/a> \u2013 eine Analyse der Corona-Ausbreitung in den USA<br \/>(New York Times, 25. Juni 2020)<\/li>\n\n\n\n<li><a rel=\"noreferrer noopener\" href=\"https:\/\/elemental.medium.com\/even-if-youre-asymptomatic-the-coronavirus-can-do-damage-4ab22451161a\" target=\"_blank\">Even If You\u2019re Asymptomatic, the Coronavirus Can Do Damage<\/a><br \/>(Medium, 25. Juni 2020)<\/li>\n\n\n\n<li><a rel=\"noreferrer noopener\" href=\"https:\/\/www.spektrum.de\/news\/wie-das-virus-den-koerper-verwuestet\/1746644\" target=\"_blank\">Sars-CoV-2: Wie das Virus den K\u00f6rper verw\u00fcstet<\/a><br \/>(Spektrum, 26. Juni 2020)<\/li>\n\n\n\n<li><a rel=\"noreferrer noopener\" href=\"https:\/\/www.fr.de\/wissen\/us-forscher-coronavirus-sars-cov-2-dringt-ueber-nase-koerper-zr-13791342.html\" target=\"_blank\">Infektionsweg des Coronavirus entschl\u00fcsselt: Sars-CoV-2 dringt \u00fcber die Nase ein<\/a><br \/>(Frankfurter Rundschau, 29. Juni 2020)<\/li>\n\n\n\n<li><a rel=\"noreferrer noopener\" href=\"https:\/\/edition.cnn.com\/2020\/06\/30\/health\/coronavirus-athlete-covid-19-ahmad-ayyad-john-hopkins-trnd\/index.html\" target=\"_blank\">He was an athlete in the best shape of his life. Then Covid-19 nearly killed him.<\/a><br \/>(CNN, 30. Juni 2020)<\/li>\n\n\n\n<li><a rel=\"noreferrer noopener\" href=\"https:\/\/www.linkedin.com\/pulse\/unintended-medical-consequences-covid-19-lock-down-kevin-fitzpatrick\/\" target=\"_blank\">Unintended Medical Consequences of the COVID-19 Lock-Down<\/a><br \/>(LinkedIn\/Kevin Fitzpatrick, 30. Juni 2020)<\/li>\n\n\n\n<li><a rel=\"noreferrer noopener\" href=\"https:\/\/elemental.medium.com\/5-stages-of-the-pandemic-and-why-covid-19-will-get-worse-e8e6d82f5772\" target=\"_blank\">\u00bbWe Are Not Even Beginning to Be Over This\u00ab \u2013 The 5 stages of the coronavirus pandemic<\/a><br \/>(Medium, 01. Juli 2020)<\/li>\n\n\n\n<li><a href=\"https:\/\/www.berliner-zeitung.de\/gesundheit-oekologie\/berliner-forscher-ueberschiessendes-immunsystem-fuehrt-zu-schweren-verlaeufen-bei-corona-li.90503\">\u00dc<\/a><a rel=\"noreferrer noopener\" href=\"https:\/\/www.berliner-zeitung.de\/gesundheit-oekologie\/berliner-forscher-ueberschiessendes-immunsystem-fuehrt-zu-schweren-verlaeufen-bei-corona-li.90503\" target=\"_blank\">berschie\u00dfendes Immunsystem f\u00fchrt zu schweren Verl\u00e4ufen bei Corona<\/a><br \/>(Berliner Zeitung, 02. Juli 2020)<\/li>\n\n\n\n<li><a rel=\"noreferrer noopener\" href=\"https:\/\/www.nationalgeographic.com\/science\/2020\/07\/coronavirus-deadlier-than-many-believed-infection-fatality-rate-cvd\/\" target=\"_blank\">How scientists know COVID-19 is way deadlier than the flu<\/a><br \/>(National Geographic, 02. Juli 2020)<\/li>\n\n\n\n<li><a rel=\"noreferrer noopener\" href=\"https:\/\/www.spektrum.de\/news\/was-wir-noch-nicht-ueber-sars-cov-2-wissen\/1749568\" target=\"_blank\">Sars-CoV-2: Was wir auch nach sechs Monaten noch nicht wissen<\/a><br \/>(Spektrum\/nature, 07. Juli 2020)<\/li>\n\n\n\n<li><a rel=\"noreferrer noopener\" href=\"https:\/\/www.theguardian.com\/world\/2020\/jul\/08\/warning-of-serious-brain-disorders-in-people-with-mild-covid-symptoms\" target=\"_blank\">Warning of serious brain disorders in people with mild coronavirus symptoms<\/a><br \/>(The Guardian, 08. Juli 2020)<\/li>\n\n\n\n<li><a rel=\"noreferrer noopener\" href=\"https:\/\/www.spiegel.de\/wissenschaft\/medizin\/coronavirus-covid-19-befaellt-herzzellen-zeigt-studie-des-uke-a-33f459cb-d566-4569-8f48-1d40d8ae2e51\" target=\"_blank\">Krankhafte Ver\u00e4nderungen: Covid-19 bef\u00e4llt das Herz<\/a><br \/>(SPIEGEL, 10. Juli 2020)<\/li>\n\n\n\n<li><a rel=\"noreferrer noopener\" href=\"https:\/\/www.nature.com\/articles\/s41591-020-0968-3\" target=\"_blank\">Extrapulmonary manifestations of COVID-19<\/a><br \/>(nature, 10. Juli 2020)<\/li>\n\n\n\n<li><a rel=\"noreferrer noopener\" href=\"https:\/\/jamanetwork.com\/journals\/jama\/fullarticle\/2768396\" target=\"_blank\">Airborne Transmission of SARS-CoV-2: Theoretical Considerations and Available Evidence<\/a><br \/>(JAMA Network, 13. Juli 2020)<\/li>\n\n\n\n<li><a rel=\"noreferrer noopener\" href=\"https:\/\/www.science.org\/doi\/full\/10.1126\/science.abc8511\" target=\"_blank\">Deep immune profiling of COVID-19 patients reveals distinct immunotypes with therapeutic implications<\/a><br \/>(Science, 15. Juli 2020)<\/li>\n\n\n\n<li><a rel=\"noreferrer noopener\" href=\"https:\/\/www.tagesschau.de\/investigativ\/kontraste\/coronavirus-langzeitfolgen-101.html\" target=\"_blank\">Corona-Langzeitfolgen: Genesen hei\u00dft nicht geheilt<\/a><br \/>(tagesschau.de, 16. Juli 2020)<\/li>\n\n\n\n<li><a rel=\"noreferrer noopener\" href=\"https:\/\/www.rnd.de\/gesundheit\/jung-sportlich-corona-patient-florian-muss-nun-wieder-laufen-lernen-RDACUSHKOBA3REO4WWC3ZSSEP4.html\" target=\"_blank\">Jung, sportlich, Corona-Patient: Florian muss nun wieder laufen lernen<\/a><br \/>(RND \u2013 Redaktionsnetzwerk Deutschland, 18. Juli 2020)<\/li>\n\n\n\n<li><a rel=\"noreferrer noopener\" href=\"https:\/\/www.spiegel.de\/gesundheit\/diagnose\/coronavirus-covid-19-kann-offenbar-psychosen-ausloesen-a-52c041e4-7d1a-4e93-8de3-016db591da16\" target=\"_blank\">M\u00f6gliche Corona-Langzeitsch\u00e4den: Covid-19 kann Psychosen ausl\u00f6sen<\/a><br \/>(SPIEGEL, 19. Juli 2020)<\/li>\n\n\n\n<li><a rel=\"noreferrer noopener\" href=\"https:\/\/edition.cnn.com\/2020\/07\/18\/health\/long-term-effects-young-people-covid-wellness\/index.html\" target=\"_blank\">I can\u2019t shake Covid-19: Warnings from young survivors still suffering<\/a><br \/>(CNN, 19. Juli 2020)<\/li>\n\n\n\n<li><a rel=\"noreferrer noopener\" href=\"https:\/\/www.spektrum.de\/news\/das-coronavirus-schickt-unsere-zellen-in-den-lockdown\/1752784\" target=\"_blank\">Sars-CoV-2: Das Coronavirus schickt unsere Zellen in den Lockdown<br \/><\/a>(Spektrum, 20. Juli 2020)<\/li>\n\n\n\n<li><a rel=\"noreferrer noopener\" href=\"https:\/\/elemental.medium.com\/the-reason-experts-believe-covid-19-is-so-harmful-to-the-elderly-inflammaging-da9c4c1eaabb\" target=\"_blank\">An Aging Immune System May Explain Why Covid-19 Is So Harmful to the Elderly<\/a><br \/>(Medium, 21. Juli 2020)<\/li>\n\n\n\n<li><a rel=\"noreferrer noopener\" href=\"https:\/\/elemental.medium.com\/amp\/p\/7d2c1fc976c1\" target=\"_blank\">There\u2019s Good News About Your Immune System and the Coronavirus<\/a><br \/>(Medium, 22. Juli 2020)<\/li>\n\n\n\n<li><a rel=\"noreferrer noopener\" href=\"https:\/\/www.ucsf.edu\/magazine\/covid-body\" target=\"_blank\">We Thought It Was Just a Respiratory Virus<\/a><br \/>(University of California San Francisco, 22. Juli 2020)<\/li>\n\n\n\n<li><a rel=\"noreferrer noopener\" href=\"https:\/\/www.spektrum.de\/news\/coronavirus-spaetfolgen-bei-covid-19-patienten\/1752014\" target=\"_blank\">Covid-19: Was bleibt, wenn das Virus geht<\/a><br \/>(Spektrum, 23. Juli 2020)<\/li>\n\n\n\n<li><a rel=\"noreferrer noopener\" href=\"https:\/\/www.kardiologie.org\/covid-19\/erkrankungen-des-perikards\/covid-19--dauerhafte-herzschaeden-sogar-bei-milden-verlaeufen\/18225326\" target=\"_blank\">COVID-19: Dauerhafte Herzsch\u00e4den selbst bei milden Verl\u00e4ufen<\/a><br \/>(kardiologie.org, 28. Juli 2020)<\/li>\n\n\n\n<li><a rel=\"noreferrer noopener\" href=\"https:\/\/www.spektrum.de\/news\/warum-wir-nicht-wissen-wer-immun-ist\/1755672\" target=\"_blank\">Coronavirus: Warum wir nicht wissen, wer immun ist<\/a><br \/>(Spektrum, 31. Juli 2020)<\/li>\n\n\n\n<li><a rel=\"noreferrer noopener\" href=\"https:\/\/www.science.org\/doi\/10.1126\/scitranslmed.abc9396\" target=\"_blank\">An Alphavirus-derived replicon RNA vaccine induces SARS-CoV-2 neutralizing antibody and T cell responses in mice and nonhuman primates<\/a><br \/>(Science, 05. August 2020)<\/li>\n\n\n\n<li><a rel=\"noreferrer noopener\" href=\"https:\/\/www.nature.com\/articles\/d41586-020-02278-5\" target=\"_blank\">How the pandemic might play out in 2021 and beyond<\/a><br \/>(nature, 05. August 2020)<\/li>\n\n\n\n<li><a rel=\"noreferrer noopener\" href=\"https:\/\/www.nbcnews.com\/health\/health-news\/covid-19-children-doctors-see-link-between-virus-neurological-side-n1235501\" target=\"_blank\">COVID-19 and children: Doctors see link between virus and neurological side effects<\/a><br \/>(NBC News, 06. August 2020 \u2013 <a rel=\"noreferrer noopener\" href=\"https:\/\/jamanetwork.com\/journals\/jamaneurology\/fullarticle\/2767979\" target=\"_blank\">Link zur dahinterliegenden Studie<\/a>)<\/li>\n\n\n\n<li><a rel=\"noreferrer noopener\" href=\"https:\/\/elemental.medium.com\/the-coronavirus-may-mess-with-thyroid-levels-too-87f94e45c5c9\" target=\"_blank\">The Coronavirus May Mess With Thyroid Levels, Too<\/a><br \/>(Medium, 10. August 2020)<\/li>\n\n\n\n<li><a rel=\"noreferrer noopener\" href=\"https:\/\/www.zeit.de\/wissen\/gesundheit\/2020-08\/fatigue-corona-spaetfolge-muedigkeit-erschoepfung-covid-19\" target=\"_blank\">Fatigue als Corona-Sp\u00e4tfolge: Bist du nicht l\u00e4ngst wieder gesund?<\/a><br \/>(ZEIT, 16. August 2020)<\/li>\n\n\n\n<li><a rel=\"noreferrer noopener\" href=\"https:\/\/coronavirus.medium.com\/a-new-study-explains-why-covid-19-causes-a-loss-of-smell-e3f9e7082bdd\" target=\"_blank\">A New Study Explains Why Covid-19 Causes a Loss of Smell<\/a><br \/>(Medium Coronavirus Blog, 21. August 2020)<\/li>\n\n\n\n<li><a rel=\"noreferrer noopener\" href=\"https:\/\/www.spektrum.de\/news\/wie-sich-die-pandemie-in-den-kommenden-jahren-entwickeln-koennte\/1760926\" target=\"_blank\">Covid-19: Wie sich die Pandemie in den kommenden Jahren entwickeln k\u00f6nnte<\/a><br \/>(Spektrum, 22. August 2020)<\/li>\n\n\n\n<li><a rel=\"noreferrer noopener\" href=\"https:\/\/elemental.medium.com\/the-emerging-links-between-covid-19-and-chronic-fatigue-syndrome-1db21fe9d61e\" target=\"_blank\">The Emerging Links Between Covid-19 and Chronic Fatigue Syndrome<\/a><br \/>(Medium, 25. August 2020)<\/li>\n\n\n\n<li><a rel=\"noreferrer noopener\" href=\"https:\/\/www.statnews.com\/2020\/08\/26\/long-haulers-dilemma-many-cannot-prove-they-had-covid19\/\" target=\"_blank\">A dilemma for \u2018long-haulers\u2019: Many can\u2019t prove they ever had Covid-19<\/a><br \/>(STAT News, 26. August 2020)<\/li>\n\n\n\n<li><a rel=\"noreferrer noopener\" href=\"https:\/\/www.scientificamerican.com\/article\/covid-19-can-wreck-your-heart-even-if-you-havent-had-any-symptoms\/\" target=\"_blank\">COVID-19 Can Wreck Your Heart, Even if You Haven\u2019t Had Any Symptoms<\/a><br \/>(Scientific American, 31. August 2020)<\/li>\n\n\n\n<li><a rel=\"noreferrer noopener\" href=\"https:\/\/elemental.medium.com\/a-supercomputer-analyzed-covid-19-and-an-interesting-new-theory-has-emerged-31cb8eba9d63\" target=\"_blank\">A Supercomputer Analyzed Covid-19 \u2014 and an Interesting New Theory Has Emerged<\/a><br \/>(Medium, 01. September 2020)<\/li>\n\n\n\n<li><a rel=\"noreferrer noopener\" href=\"https:\/\/www.the-scientist.com\/news-opinion\/toward-covid-19-testing-any-time-anywhere-67906\" target=\"_blank\">Toward COVID-19 Testing Any Time, Anywhere<\/a><br \/>(The Scientist, 02. September 2020)<\/li>\n\n\n\n<li><a rel=\"noreferrer noopener\" href=\"https:\/\/www.zeit.de\/wissen\/gesundheit\/2020-09\/corona-ausbruch-stoppen-physik-neuinfektionen-perkolation-zweite-welle\" target=\"_blank\">Corona im Herbst: \u201eWir k\u00f6nnen Corona noch stoppen\u201c<\/a><br \/>(ZEIT Online, 09. September 2020)<\/li>\n\n\n\n<li><a rel=\"noreferrer noopener\" href=\"https:\/\/www.n-tv.de\/wissen\/Coronavirus-greift-Gehirn-perfide-an-article22030311.html\" target=\"_blank\">Coronavirus greift Gehirn perfide an<\/a><br \/>(n-tv, 11. September 2020 \u2013 erw\u00e4hnte <a rel=\"noreferrer noopener\" href=\"https:\/\/www.biorxiv.org\/content\/10.1101\/2020.06.25.169946v2.full\" target=\"_blank\">Studie bei bioRxiv.org<\/a> [Preprint], 08. September 2020)<\/li>\n\n\n\n<li><a rel=\"noreferrer noopener\" href=\"https:\/\/www.nzz.ch\/international\/corona-wieso-die-todeszahlen-in-der-zweiten-welle-so-tief-sind-ld.1574841\" target=\"_blank\">Die zweite Corona-Welle ist in Europa angekommen \u2013 wieso bleiben die Todeszahlen dennoch tief?<\/a><br \/>(Neue Z\u00fcrcher Zeitung, 12. September 2020)<\/li>\n\n\n\n<li><a rel=\"noreferrer noopener\" href=\"https:\/\/elemental.medium.com\/the-covid-19-symptoms-no-one-talks-about-ffdfa8895acb\" target=\"_blank\">The Covid-19 Symptoms No One Talks About<\/a><br \/>(medium, 21. September 2020)<\/li>\n\n\n\n<li><a rel=\"noreferrer noopener\" href=\"https:\/\/www.ucl.ac.uk\/news\/2020\/oct\/loss-smell-highly-reliable-indicator-covid-19-infection\" target=\"_blank\">Loss of smell a \u2018highly reliable\u2019 indicator of Covid-19 infection<\/a><br \/>(University College London, 01. Oktober 2020)<\/li>\n\n\n\n<li><a href=\"https:\/\/www.spektrum.de\/news\/masken-schuetzen-vor-covid-19\/1781798\" target=\"_blank\" rel=\"noreferrer noopener\">Masken sch\u00fctzen vor Covid-19<\/a><br \/>(Spektrum, 14. Oktober 2020)<\/li>\n\n\n\n<li><a rel=\"noreferrer noopener\" href=\"https:\/\/www.zeit.de\/wissen\/gesundheit\/2020-10\/zweite-welle-coronavirus-alltag-treffen-weihnachten-feiern-verhalten\" target=\"_blank\">Zweite Welle: Dieser Winter noch<\/a><br \/>(ZEIT online, 19. Oktober 2020)<\/li>\n\n\n\n<li><a rel=\"noreferrer noopener\" href=\"https:\/\/english.elpais.com\/society\/2020-10-28\/a-room-a-bar-and-a-class-how-the-coronavirus-is-spread-through-the-air.html\" data-type=\"URL\" data-id=\"https:\/\/english.elpais.com\/society\/2020-10-28\/a-room-a-bar-and-a-class-how-the-coronavirus-is-spread-through-the-air.html\" target=\"_blank\">A room, a bar and a classroom: how the coronavirus is spread through the air<\/a><br \/>(EL PA\u00cdS, 29. Oktober 2020)<\/li>\n<\/ul>\n\n\n\n<hr class=\"wp-block-separator has-css-opacity\"\/>\n\n\n\n<p><em>* Meine Quelle f\u00fcr die genannten Zahlen gemeldeter COVID-19-F\u00e4lle in Deutschland: <a rel=\"noreferrer noopener\" aria-label=\"https:\/\/interaktiv.tagesspiegel.de\/lab\/karte-sars-cov-2-in-deutschland-landkreise\/ (\u00f6ffnet in neuem Tab)\" href=\"https:\/\/interaktiv.tagesspiegel.de\/lab\/karte-sars-cov-2-in-deutschland-landkreise\/\" target=\"_blank\">https:\/\/interaktiv.tagesspiegel.de\/lab\/karte-sars-cov-2-in-deutschland-landkreise\/<\/a><\/em><\/p>\n<div class=\"likebtn_container\" style=\"clear:both;\"><!-- LikeBtn.com BEGIN --><span class=\"likebtn-wrapper\"  data-identifier=\"post_3402\"  data-site_id=\"5ec2910b6fd08bbb5dd94e1f\"  data-theme=\"heartcross\"  data-lang=\"de\"  data-show_dislike_label=\"true\"  data-share_enabled=\"false\"  data-counter_frmt=\"period\"  data-tooltip_enabled=\"false\"  data-i18n_like=\"gern gelesen\"  data-i18n_dislike=\"gefiel mir nicht\"  data-i18n_after_like=\"gern gelesen\"  data-i18n_after_dislike=\"gefiel mir nicht\"  data-i18n_like_tooltip=\"gern gelesen\"  data-i18n_dislike_tooltip=\"gefiel mir nicht\"  data-i18n_unlike_tooltip=\"\u2764\ufe0f entfernen\"  data-i18n_undislike_tooltip=\"\u274c entfernen\"  data-i18n_popup_close=\"schlie\u00dfen\"  data-i18n_popup_text=\"Danke f\u00fcr Deine Bewertung!\"  data-style=\"\"  data-unlike_allowed=\"\"  data-show_copyright=\"\"  data-item_url=\"https:\/\/www.formschub.de\/blog\/2020\/05\/17\/corona\/\"  data-item_title=\"Corona.\"  data-item_date=\"2020-05-17T15:55:57+02:00\"  data-engine=\"WordPress\"  data-plugin_v=\"2.6.59\"  data-prx=\"https:\/\/www.formschub.de\/blog\/wp-admin\/admin-ajax.php?action=likebtn_prx\"  data-event_handler=\"likebtn_eh\" ><\/span><!-- LikeBtn.com END --><\/div>","protected":false},"excerpt":{"rendered":"<p>Ich habe mich nun nachtr\u00e4glich daran gesetzt, nach meiner Erkrankung anhand meines Textnachrichtenverlaufs, eigener Erinnerungen, meiner Twitter-Timeline und der Facebook-Chronik, meiner Handy-Anrufliste und meines Browserverlaufs den Hergang meiner ganz pers\u00f6nlichen \u00bbCorona-Geschichte\u00ab zu rekonstruieren.<\/p>\n<div class=\"likebtn_container\" style=\"clear:both;\"><!-- LikeBtn.com BEGIN --><span class=\"likebtn-wrapper\"  data-identifier=\"post_3402\"  data-site_id=\"5ec2910b6fd08bbb5dd94e1f\"  data-theme=\"heartcross\"  data-lang=\"de\"  data-show_dislike_label=\"true\"  data-share_enabled=\"false\"  data-counter_frmt=\"period\"  data-tooltip_enabled=\"false\"  data-i18n_like=\"gern gelesen\"  data-i18n_dislike=\"gefiel mir nicht\"  data-i18n_after_like=\"gern gelesen\"  data-i18n_after_dislike=\"gefiel mir nicht\"  data-i18n_like_tooltip=\"gern gelesen\"  data-i18n_dislike_tooltip=\"gefiel mir nicht\"  data-i18n_unlike_tooltip=\"\u2764\ufe0f entfernen\"  data-i18n_undislike_tooltip=\"\u274c entfernen\"  data-i18n_popup_close=\"schlie\u00dfen\"  data-i18n_popup_text=\"Danke f\u00fcr Deine Bewertung!\"  data-style=\"\"  data-unlike_allowed=\"\"  data-show_copyright=\"\"  data-item_url=\"https:\/\/www.formschub.de\/blog\/2020\/05\/17\/corona\/\"  data-item_title=\"Corona.\"  data-item_date=\"2020-05-17T15:55:57+02:00\"  data-engine=\"WordPress\"  data-plugin_v=\"2.6.59\"  data-prx=\"https:\/\/www.formschub.de\/blog\/wp-admin\/admin-ajax.php?action=likebtn_prx\"  data-event_handler=\"likebtn_eh\" ><\/span><!-- LikeBtn.com END --><\/div>","protected":false},"author":1,"featured_media":0,"comment_status":"open","ping_status":"closed","sticky":false,"template":"","format":"standard","meta":{"footnotes":""},"categories":[10,1],"tags":[22,30,18,31,20,26,23,25,27,29,19,28,24,21],"class_list":["post-3402","post","type-post","status-publish","format-standard","hentry","category-ins-netz-gegangen","category-von-der-tageskarte","tag-bericht","tag-chronik","tag-corona","tag-coronavirus","tag-covid-19","tag-deutschland","tag-erlebnis","tag-erlebnisprotokoll","tag-hamburg","tag-infektion","tag-infiziert","tag-privat","tag-protokoll","tag-tagebuch"],"_links":{"self":[{"href":"https:\/\/www.formschub.de\/blog\/wp-json\/wp\/v2\/posts\/3402","targetHints":{"allow":["GET"]}}],"collection":[{"href":"https:\/\/www.formschub.de\/blog\/wp-json\/wp\/v2\/posts"}],"about":[{"href":"https:\/\/www.formschub.de\/blog\/wp-json\/wp\/v2\/types\/post"}],"author":[{"embeddable":true,"href":"https:\/\/www.formschub.de\/blog\/wp-json\/wp\/v2\/users\/1"}],"replies":[{"embeddable":true,"href":"https:\/\/www.formschub.de\/blog\/wp-json\/wp\/v2\/comments?post=3402"}],"version-history":[{"count":71,"href":"https:\/\/www.formschub.de\/blog\/wp-json\/wp\/v2\/posts\/3402\/revisions"}],"predecessor-version":[{"id":7533,"href":"https:\/\/www.formschub.de\/blog\/wp-json\/wp\/v2\/posts\/3402\/revisions\/7533"}],"wp:attachment":[{"href":"https:\/\/www.formschub.de\/blog\/wp-json\/wp\/v2\/media?parent=3402"}],"wp:term":[{"taxonomy":"category","embeddable":true,"href":"https:\/\/www.formschub.de\/blog\/wp-json\/wp\/v2\/categories?post=3402"},{"taxonomy":"post_tag","embeddable":true,"href":"https:\/\/www.formschub.de\/blog\/wp-json\/wp\/v2\/tags?post=3402"}],"curies":[{"name":"wp","href":"https:\/\/api.w.org\/{rel}","templated":true}]}}