{"id":7249,"date":"2023-02-24T21:13:43","date_gmt":"2023-02-24T20:13:43","guid":{"rendered":"https:\/\/www.formschub.de\/blog\/?p=7249"},"modified":"2023-02-25T13:01:12","modified_gmt":"2023-02-25T12:01:12","slug":"hallo-partner-danke-schoen","status":"publish","type":"post","link":"https:\/\/www.formschub.de\/blog\/2023\/02\/24\/hallo-partner-danke-schoen\/","title":{"rendered":"Hallo Partner \u2013 danke sch\u00f6n"},"content":{"rendered":"\n<p>Diesen Spruch kennt vermutlich von den j\u00fcngeren Lesern kaum einer mehr, aber Opa formschub erinnert sich noch gut daran. Bei Wikipedia liest man dazu:<\/p>\n\n\n\n<blockquote class=\"wp-block-quote is-layout-flow wp-block-quote-is-layout-flow\">\n<p>\u201eHallo Partner \u2013 danke sch\u00f6n\u201c war der Titel der ersten bundesweiten Kampagne des 1969 gegr\u00fcndeten <a href=\"https:\/\/www.dvr.de\/\" target=\"_blank\" rel=\"noreferrer noopener\">Deutschen Verkehrssicherheitsrates<\/a>. Sie wurde am 4. Oktober 1971 der \u00d6ffentlichkeit vorgestellt. Angesichts steigender Unfallzahlen und vieler Verkehrstoter sollte der \u201eHallo-Partner\u201c-Slogan mit positiven Leitbildern die R\u00fccksichtnahme und die Hilfsbereitschaft im Stra\u00dfenverkehr f\u00f6rdern und einen \u201eKlimawechsel im Verkehr\u201c \u2013 so das Motto der Kampagne \u2013 herbeif\u00fchren. Die Aktion lief von 1971 bis 1974. <\/p>\n<cite>Quelle: <a href=\"https:\/\/de.wikipedia.org\/wiki\/Hallo_Partner_%E2%80%93_danke_sch%C3%B6n\" target=\"_blank\" rel=\"noreferrer noopener\">Wikipedia<\/a><\/cite><\/blockquote>\n\n\n\n<div class=\"wp-block-media-text alignwide has-media-on-the-right is-stacked-on-mobile\"><div class=\"wp-block-media-text__content\">\n<p>Begleitend zur Kampagne wurde ein Aufkleber erstellt, der im Laufe der Kampagne 3,8 Millionen mal verteilt wurde. Zwischen 1970 und 1975 gab es etwa 14 bis 18 Millionen Pkw in Deutschland, so dass rein rechnerisch auf 20\u201325% dieser Fahrzeuge einer dieser Aufkleber h\u00e4tte kleben k\u00f6nnen, w\u00e4ren sie alle genutzt worden.<\/p>\n\n\n\n<p><em>Bildquelle: <a rel=\"noreferrer noopener\" href=\"https:\/\/de.wikipedia.org\/wiki\/Datei:Hallo_Partner_danke_sch%C3%B6n_Logo.svg\" target=\"_blank\">Wikipedia<\/a>, \u00a9 Deutscher Verkehrssicherheitsrat e. V., Bonn, Vektorisierung: Dr. Schorsch.<\/em><br><em>Lizenziert unter <a rel=\"noreferrer noopener\" href=\"https:\/\/creativecommons.org\/licenses\/by-sa\/3.0\/de\/legalcode\" target=\"_blank\">CC-by-sa 3.0\/de<\/a><\/em><\/p>\n<\/div><figure class=\"wp-block-media-text__media\"><img loading=\"lazy\" decoding=\"async\" width=\"1024\" height=\"1024\" src=\"https:\/\/www.formschub.de\/blog\/wp-content\/uploads\/2023\/02\/Hallo_Partner_danke_schoen_Logo-1024x1024.jpg\" alt=\"\" class=\"wp-image-7250 size-full\" srcset=\"https:\/\/www.formschub.de\/blog\/wp-content\/uploads\/2023\/02\/Hallo_Partner_danke_schoen_Logo.jpg 1024w, https:\/\/www.formschub.de\/blog\/wp-content\/uploads\/2023\/02\/Hallo_Partner_danke_schoen_Logo-300x300.jpg 300w, https:\/\/www.formschub.de\/blog\/wp-content\/uploads\/2023\/02\/Hallo_Partner_danke_schoen_Logo-150x150.jpg 150w, https:\/\/www.formschub.de\/blog\/wp-content\/uploads\/2023\/02\/Hallo_Partner_danke_schoen_Logo-768x768.jpg 768w\" sizes=\"auto, (max-width: 1024px) 100vw, 1024px\" \/><\/figure><\/div>\n\n\n\n<p>Ich w\u00fcnschte mir auch heute mal wieder so eine Kampagne. Breit angelegt, multimedial, online, mit Informationsvideos, Dokumentationen und Diskussionen im TV oder auf Social Media. Denn das Klima auf (deutschen) Stra\u00dfen und Verkehrswegen ist gef\u00fchlt f\u00fcr mich so rauh wie noch nie. Autofahrer behindern und attackieren Rettungskr\u00e4fte, Radfahrer werden bedr\u00e4ngt, Fu\u00dfg\u00e4nger werden missachtet, es wird gehupt, beschimpft, gep\u00f6belt, geschnitten und gen\u00f6tigt. Jeder f\u00fchlt sich im Recht, schuld an Behinderungen und Zwischenf\u00e4llen sind immer die anderen \u2013 <strong>die<\/strong> Radfahrer, <strong>die<\/strong> Fu\u00dfg\u00e4nger, <strong>die<\/strong> Autofahrer. Anstatt Partnerschaftlichkeit und Verst\u00e4ndnis sind Grabenk\u00e4mpfe allt\u00e4glich. Dabei ist es insgeheim wohl jedem bewusst, wie subjektiv diese Standpunkte sind. Denn wenn wir als Verkehrsteilnehmer \u2013 ob mit oder ohne Fahrzeug \u2013 drau\u00dfen unterwegs sind, beurteilen wir alles um uns herum unweigerlich aus der eigenen Verkehrsperspektive: Als Autofahrer nerven mich Radfahrer, Fu\u00dfg\u00e4nger und andere Autofahrer. Als Radfahrer nerven mich Autofahrer, Fu\u00dfg\u00e4nger und andere Radfahrer. Und als Fu\u00dfg\u00e4nger nerven mich Autofahrer, Radfahrer und andere Fu\u00dfg\u00e4nger. Ich selbst mache nat\u00fcrlich in all diesen Rollen <em>nie<\/em> etwas falsch, aber alle anderen sind unf\u00e4hige Hornochsen mit Tomaten auf den Augen. Die Selbstwahrnehmung legt hier gerne einen milden Weichzeichner \u00fcber die Wahrnehmung der pers\u00f6nlichen Verkehrskompetenz, die Beurteilung des eigenen Verhaltens und die Priorisierung von Rechten und Pflichten.<\/p>\n\n\n\n<p>Deshalb habe ich mal ein Gedankenspiel gemacht. Ich war selbst von 1986 bis 2015 Autobesitzer, bis mir bewusst wurde, dass ich in Hamburg eigentlich keines mehr brauche und es mich mehr Geld und Nerven kostete als es mir Vorteile brachte. Trotzdem sitze ich nach wie vor gelegentlich am Steuer, wenn ich zumindest zeitweise mal ein Auto ben\u00f6tige. Ich gehe viel zu Fu\u00df, habe \u00fcber den Arbeitgeber ein Monatsabo f\u00fcr den \u00d6PNV, fahre \u00f6fter mal mit dem Rad und f\u00fcr l\u00e4ngere Strecken nehme ich die Bahn. Ich bin also, wie wohl viele andere, in nahezu allen der drei obengenannten Verkehrsteilnehmer-Kategorien unterwegs. Und jetzt schaue ich mal ganz systematisch auf die jeweils anderen und \u2013 auf mich. Im Auto, auf dem Rad und als Fu\u00dfg\u00e4nger, mit jeweils f\u00fcnf Perspektivwechseln pro Abschnitt:<\/p>\n\n\n\n<h3 class=\"has-primary-color has-text-color wp-block-heading\" style=\"padding-top:0rem;padding-right:0rem;padding-bottom:0rem;padding-left:0rem\">Immer die Autofahrer!<\/h3>\n\n\n\n<div class=\"wp-block-aab-group-accordion aagb_accordion_8fd81553-703f-4908-b34b-b3be24595ab7\">\n<div class=\"wp-block-aab-accordion-item aagb__accordion_container\" style=\"border:1px solid #cccccc;margin-top:0px;margin-bottom:10px;border-radius:0px\"><div class=\"aagb__accordion_head aab_right_icon\" data-active=\"false\" style=\"color:#333333;background-color:transparent;padding:10px 15px 10px 15px\"><div class=\"aagb__accordion_heading aab_right_icon\"><p class=\"aagb__accordion_title\" style=\"margin:0;color:#333333\"><strong>Was mich als Autofahrer an anderen Autofahrern \u00e4rgert<\/strong><\/p><\/div><div class=\"aagb__accordion_icon\" style=\"color:#333333;background-color:transparent\"><span class=\"aagb__icon dashicons dashicons-arrow-down-alt2\"><\/span><\/div><\/div><div class=\"aagb__accordion_body \" role=\"region\" style=\"background-color:transparent;border-top:1px solid #cccccc;padding:10px 15px 10px 15px\">\n<ul class=\"wp-block-list\">\n<li>Wenn sie sich unbedingt \u00bbvordr\u00e4ngeln\u00ab m\u00fcssen, beim Rei\u00dfverschlussverfahren, beim engen Einscheren nach dem \u00dcberholen, beim Ausfahren aus einer Einfahrt oder Querstra\u00dfe<\/li>\n\n\n\n<li>Wenn sie mich mit zu geringem Sicherheitsabstand bedr\u00e4ngen, obwohl ich mit der zul\u00e4ssigen H\u00f6chstgeschwindigkeit fahre<\/li>\n\n\n\n<li>Wenn sie \u00bbnur mal eben\u00ab rechte Spuren, Radwege und Seitenstreifen zuparken und das Fahrzeug verlassen (am besten noch mit LMAA-Warnblinker), so dass alle anderen ausweichen m\u00fcssen<\/li>\n\n\n\n<li>Wenn sie hupen, obwohl dies die Verkehrssituation weder verbessert noch die Ursache beseitigt<\/li>\n\n\n\n<li>Wenn sie bei Stau keine Rettungsgasse bilden<\/li>\n\n\n\n<li>Wenn sie bei Schnee, Eisgl\u00e4tte, Starkregen oder Nebel halsbrecherisch schnell fahren und zudem wom\u00f6glich noch alle gebotenen Abstandsregeln missachten<\/li>\n\n\n\n<li>Wenn ich sehe, dass sie im Fahrzeug auf ihrem Handy rumtippen<\/li>\n\n\n\n<li>Wenn sie auf der Autobahn wie die Karnickel \u00fcber mehrere Fahrbahnen hinweg die Spur wechseln, gerne dabei auch mal links \u00fcberholen, mal rechts<\/li>\n\n\n\n<li>Wenn sie rumtr\u00e4umen und nicht anfahren, wenn\u2019s an der Ampel oder im Stau l\u00e4ngst weitergeht<\/li>\n\n\n\n<li>Wenn sie ihr Fahrzeug als Aggressionsventil oder gar als Waffe nutzen, um andere einzusch\u00fcchtern oder zu bedrohen<\/li>\n\n\n\n<li>Wenn sie nicht blinken, bevor sie abbiegen<\/li>\n\n\n\n<li>Wenn sie unbedingt noch in den Kreuzungsbereich einfahren mussten, aber dadurch dann bei Ampelgr\u00fcn die Weiterfahrt f\u00fcr den Querverkehr behindern<\/li>\n<\/ul>\n<\/div><\/div>\n\n\n\n<div class=\"wp-block-aab-accordion-item aagb__accordion_container\" style=\"border:1px solid #cccccc;margin-top:0px;margin-bottom:10px;border-radius:0px\"><div class=\"aagb__accordion_head aab_right_icon\" data-active=\"false\" style=\"color:#333333;background-color:transparent;padding:10px 15px 10px 15px\"><div class=\"aagb__accordion_heading aab_right_icon\"><p class=\"aagb__accordion_title\" style=\"margin:0;color:#333333\"><strong>Was mich als Radfahrer an Autofahrern \u00e4rgert<\/strong><\/p><\/div><div class=\"aagb__accordion_icon\" style=\"color:#333333;background-color:transparent\"><span class=\"aagb__icon dashicons dashicons-arrow-down-alt2\"><\/span><\/div><\/div><div class=\"aagb__accordion_body \" role=\"region\" style=\"background-color:transparent;border-top:1px solid #cccccc;padding:10px 15px 10px 15px\">\n<ul class=\"wp-block-list\">\n<li>Wenn sie mich zu eng passieren oder \u00fcberholen<\/li>\n\n\n\n<li>Wenn sie ohne zu Schauen ihre T\u00fcr aufrei\u00dfen<\/li>\n\n\n\n<li>Wenn sie mit Kavalierstart oder Gasgeben an Ausfahrten, aus Parkl\u00fccken oder Seitenstra\u00dfen absichtlich vor mir noch herausspurten, statt kurz zu warten<\/li>\n\n\n\n<li>Wenn sie ihr Fahrzeug als Aggressionsventil oder gar als Waffe nutzen, um mich einzusch\u00fcchtern oder zu bedrohen<\/li>\n\n\n\n<li>Wenn sie auf Radwegen halten oder parken, die sie laut Beschilderung und\/oder StVO nicht zu nutzen haben<\/li>\n\n\n\n<li>Wenn sie rechts abbiegen ohne nach hinten zu schauen oder gar vors\u00e4tzlich ignorieren, dass ich hinter\/neben ihnen fahre<\/li>\n\n\n\n<li>Wenn sie mich in einer \u00bbRadfahrer frei\u00ab-Einbahnstra\u00dfe anhupen oder anpampen, weil sie die Beschilderung nicht sehen\/respektieren<\/li>\n\n\n\n<li>Wenn sie nicht blinken, bevor sie abbiegen<\/li>\n\n\n\n<li>Wenn sie beim vorfahrtbedingten Halten und Warten nicht stillstehen, w\u00e4hrend ich vorbeifahre, sondern schon ungeduldig vorw\u00e4rtsrollen<\/li>\n<\/ul>\n<\/div><\/div>\n\n\n\n<div class=\"wp-block-aab-accordion-item aagb__accordion_container\" style=\"border:1px solid #cccccc;margin-top:0px;margin-bottom:10px;border-radius:0px\"><div class=\"aagb__accordion_head aab_right_icon\" data-active=\"false\" style=\"color:#333333;background-color:transparent;padding:10px 15px 10px 15px\"><div class=\"aagb__accordion_heading aab_right_icon\"><p class=\"aagb__accordion_title\" style=\"margin:0;color:#333333\"><strong>Was mich als Fu\u00dfg\u00e4nger an Autofahrern \u00e4rgert<\/strong><\/p><\/div><div class=\"aagb__accordion_icon\" style=\"color:#333333;background-color:transparent\"><span class=\"aagb__icon dashicons dashicons-arrow-down-alt2\"><\/span><\/div><\/div><div class=\"aagb__accordion_body \" role=\"region\" style=\"background-color:transparent;border-top:1px solid #cccccc;padding:10px 15px 10px 15px\">\n<ul class=\"wp-block-list\">\n<li>Wenn ich an einem Zebrastreifen warte und von ihnen vorbeifahrend ignoriert werde<\/li>\n\n\n\n<li>Wenn ich eine Seitenstra\u00dfe \u00fcberqueren m\u00f6chte und von ihnen durchfahrend ignoriert werde<\/li>\n\n\n\n<li>Wenn sie hupen oder mich dr\u00e4ngen, weil die Fu\u00dfg\u00e4ngerampel schon wieder rot wird, w\u00e4hrend ich noch die Stra\u00dfe \u00fcberquere<\/li>\n\n\n\n<li>Wenn sie Fu\u00dfwege und Parkstreifen so eng und r\u00fccksichtslos zuparken, dass man sogar ohne Kinderwagen, Rollstuhl oder Gep\u00e4ck nicht vorbei- oder durchkommt<\/li>\n\n\n\n<li>Wenn sie auf Fl\u00e4chen fahren, parken oder halten, die sie laut Beschilderung und\/oder StVO nicht zu nutzen haben<\/li>\n\n\n\n<li>Wenn sie am Stra\u00dfenrand minutenlang mit laufendem Motor stehen<\/li>\n\n\n\n<li>Wenn sie nicht blinken, bevor sie abbiegen<\/li>\n\n\n\n<li>Wenn sie unbedingt noch in den Kreuzungsbereich einfahren mussten, aber dadurch dann bei Ampelgr\u00fcn den \u00dcbergangsbereich f\u00fcr Fu\u00dfg\u00e4nger blockieren<\/li>\n<\/ul>\n<\/div><\/div>\n\n\n\n<div class=\"wp-block-aab-accordion-item aagb__accordion_container\" style=\"border:1px solid #cccccc;margin-top:0px;margin-bottom:10px;border-radius:0px\"><div class=\"aagb__accordion_head aab_right_icon\" data-active=\"false\" style=\"color:#333333;background-color:transparent;padding:10px 15px 10px 15px\"><div class=\"aagb__accordion_heading aab_right_icon\"><p class=\"aagb__accordion_title\" style=\"margin:0;color:#333333\"><strong>Was mich als Autofahrer an mir selbst \u00e4rgert<\/strong><\/p><\/div><div class=\"aagb__accordion_icon\" style=\"color:#333333;background-color:transparent\"><span class=\"aagb__icon dashicons dashicons-arrow-down-alt2\"><\/span><\/div><\/div><div class=\"aagb__accordion_body \" role=\"region\" style=\"background-color:transparent;border-top:1px solid #cccccc;padding:10px 15px 10px 15px\">\n<ul class=\"wp-block-list\">\n<li>Dass ich viele der anderen Autofahrer f\u00fcr unf\u00e4hige Verkehrsdilettanten halte, nicht nur die, die es tats\u00e4chlich sind<\/li>\n\n\n\n<li>Dass ich mich schneller als \u00fcblich aufrege und in dem Blechk\u00e4fig dann oft vor mich hin p\u00f6bele<\/li>\n\n\n\n<li>Dass ich zu meinem eigenen Vorteil oder f\u00fcr ein besseres Vorankommen Verkehrsregeln \u00fcbertrete (schnell noch bei Dunkelgelb \u00fcber die Ampel fahren, bei entspannter Verkehrslage H\u00f6chstgeschwindigkeit \u00fcberschreiten)<\/li>\n<\/ul>\n<\/div><\/div>\n\n\n\n<div class=\"wp-block-aab-accordion-item aagb__accordion_container\" style=\"border:1px solid #cccccc;margin-top:0px;margin-bottom:10px;border-radius:0px\"><div class=\"aagb__accordion_head aab_right_icon\" data-active=\"false\" style=\"color:#333333;background-color:transparent;padding:10px 15px 10px 15px\"><div class=\"aagb__accordion_heading aab_right_icon\"><p class=\"aagb__accordion_title\" style=\"margin:0;color:#333333\"><strong>Was ich als Autofahrer an mir selbst ganz gut finde<\/strong><\/p><\/div><div class=\"aagb__accordion_icon\" style=\"color:#333333;background-color:transparent\"><span class=\"aagb__icon dashicons dashicons-arrow-down-alt2\"><\/span><\/div><\/div><div class=\"aagb__accordion_body \" role=\"region\" style=\"background-color:transparent;border-top:1px solid #cccccc;padding:10px 15px 10px 15px\">\n<ul class=\"wp-block-list\">\n<li>Dass ich zunehmend gelassener bin, seit ich kein eigenes Auto mehr habe und zumeist nur gelegentlich am Wochenende oder im Urlaub am Steuer sitze<\/li>\n\n\n\n<li>Dass ich gerne entspannt ankomme und daf\u00fcr lieber ein paar Minuten l\u00e4nger unterwegs bin<\/li>\n\n\n\n<li>Dass meine Lieblings-Reisegeschwindigkeit zwischen 110 und 140 km\/h liegt<\/li>\n\n\n\n<li>Dass ich gerne \u00bbsmooth\u00ab fahre, d.h. ohne abrupte Beschleunigungs- oder Bremsvorg\u00e4nge und ohne fliehkraftgebeutelte Gegenst\u00e4nde bzw. Insassen beim Durchfahren von Kurven<\/li>\n\n\n\n<li>Dass ich in den \u00fcber 35 Jahren seit ich den F\u00fchrerschein habe, bislang selbstverschuldet nur zwei kleinere Unf\u00e4lle mit Blechschaden hatte<\/li>\n\n\n\n<li>Dass ich praktische, kleinere Autos viel lieber mag als protzige Poser- oder Raserschlitten<\/li>\n\n\n\n<li>Dass ich anscheinend so gut fahre, dass viele Beifahrer schlafen k\u00f6nnen, w\u00e4hrend ich sie chauffiere<\/li>\n<\/ul>\n<\/div><\/div>\n<\/div>\n\n\n\n<div style=\"height:10px\" aria-hidden=\"true\" class=\"wp-block-spacer\"><\/div>\n\n\n\n<h3 class=\"has-primary-color has-text-color wp-block-heading\" style=\"padding-top:0\">Typisch Radfahrer!<\/h3>\n\n\n\n<div class=\"wp-block-aab-group-accordion aagb_accordion_c27c54f5-89ea-4875-83cc-825a0671f5c7\">\n<div class=\"wp-block-aab-accordion-item aagb__accordion_container\" style=\"border:1px solid #cccccc;margin-top:0px;margin-bottom:10px;border-radius:0px\"><div class=\"aagb__accordion_head aab_right_icon\" data-active=\"false\" style=\"color:#333333;background-color:transparent;padding:10px 15px 10px 15px\"><div class=\"aagb__accordion_heading aab_right_icon\"><p class=\"aagb__accordion_title\" style=\"margin:0;color:#333333\"><strong>Was mich als Radfahrer an anderen Radfahrern \u00e4rgert<\/strong><\/p><\/div><div class=\"aagb__accordion_icon\" style=\"color:#333333;background-color:transparent\"><span class=\"aagb__icon dashicons dashicons-arrow-down-alt2\"><\/span><\/div><\/div><div class=\"aagb__accordion_body \" role=\"region\" style=\"background-color:transparent;border-top:1px solid #cccccc;padding:10px 15px 10px 15px\">\n<ul class=\"wp-block-list\">\n<li>Wenn sie auf der \u00bbfalschen Seite\u00ab der Fahrbahn oder in entgegengesetzter Richtung auf dem Radweg fahren<\/li>\n\n\n\n<li>Wenn sie mich bedr\u00e4ngen oder aggressiv \u00fcberholen<\/li>\n\n\n\n<li>Wenn sie vor mir ohne Handzeichen pl\u00f6tzlich abbremsen oder abbiegen<\/li>\n\n\n\n<li>Wenn sie rote Ampeln, Vorfahrtsregeln und strikte Einbahnstra\u00dfenbeschilderungen nur als \u00bbServiervorschl\u00e4ge\u00ab ansehen<\/li>\n\n\n\n<li>Wenn sie sich mit Kopfh\u00f6rern vor Warnger\u00e4uschen abschotten<\/li>\n\n\n\n<li>Wenn sie auf dem Rad bei der Fahrt auf dem Handy rumtippen<\/li>\n\n\n\n<li>Wenn sie ihr Rad an engen Fahrradparkbereichen so ung\u00fcnstig platzieren, dass der Zugang zu noch freien Stellpl\u00e4tzen erschwert oder verhindert wird<\/li>\n\n\n\n<li>Wenn sie abends und bei schlechten Sichtverh\u00e4ltnissen ohne Licht unterwegs sind<\/li>\n\n\n\n<li>Wenn sie zu mehreren auf einem leidlich breiten Radweg gleich schnell nebeneinander fahren, so dass andere nicht vorbeikommen<\/li>\n<\/ul>\n<\/div><\/div>\n\n\n\n<div class=\"wp-block-aab-accordion-item aagb__accordion_container\" style=\"border:1px solid #cccccc;margin-top:0px;margin-bottom:10px;border-radius:0px\"><div class=\"aagb__accordion_head aab_right_icon\" data-active=\"false\" style=\"color:#333333;background-color:transparent;padding:10px 15px 10px 15px\"><div class=\"aagb__accordion_heading aab_right_icon\"><p class=\"aagb__accordion_title\" style=\"margin:0;color:#333333\"><strong>Was mich als Autofahrer an Radfahrern \u00e4rgert<\/strong><\/p><\/div><div class=\"aagb__accordion_icon\" style=\"color:#333333;background-color:transparent\"><span class=\"aagb__icon dashicons dashicons-arrow-down-alt2\"><\/span><\/div><\/div><div class=\"aagb__accordion_body \" role=\"region\" style=\"background-color:transparent;border-top:1px solid #cccccc;padding:10px 15px 10px 15px\">\n<ul class=\"wp-block-list\">\n<li>Wenn sie rote Ampeln, Vorfahrtsregeln und strikte Einbahnstra\u00dfenbeschilderungen nur als \u00bbServiervorschl\u00e4ge\u00ab ansehen<\/li>\n\n\n\n<li>Wenn sie mich zu eng passieren oder \u00fcberholen<\/li>\n\n\n\n<li>Wenn sie abends und bei schlechten Sichtverh\u00e4ltnissen ohne Licht unterwegs sind<\/li>\n\n\n\n<li>Wenn sie vor mir ohne Handzeichen pl\u00f6tzlich abbremsen oder abbiegen<\/li>\n\n\n\n<li>Wenn sie sich mit Kopfh\u00f6rern vor Warnger\u00e4uschen abschotten<\/li>\n\n\n\n<li>Wenn sie auf dem Rad bei der Fahrt auf dem Handy rumtippen<\/li>\n\n\n\n<li>Wenn sie auf Spuren fahren, die sie laut Beschilderung und\/oder StVO nicht zu nutzen h\u00e4tten, und das, obwohl gut ausgebaute eigene Radspuren vorhanden sind<\/li>\n<\/ul>\n<\/div><\/div>\n\n\n\n<div class=\"wp-block-aab-accordion-item aagb__accordion_container\" style=\"border:1px solid #cccccc;margin-top:0px;margin-bottom:10px;border-radius:0px\"><div class=\"aagb__accordion_head aab_right_icon\" data-active=\"false\" style=\"color:#333333;background-color:transparent;padding:10px 15px 10px 15px\"><div class=\"aagb__accordion_heading aab_right_icon\"><p class=\"aagb__accordion_title\" style=\"margin:0;color:#333333\"><strong>Was mich als Fu\u00dfg\u00e4nger an Radfahrern \u00e4rgert<\/strong><\/p><\/div><div class=\"aagb__accordion_icon\" style=\"color:#333333;background-color:transparent\"><span class=\"aagb__icon dashicons dashicons-arrow-down-alt2\"><\/span><\/div><\/div><div class=\"aagb__accordion_body \" role=\"region\" style=\"background-color:transparent;border-top:1px solid #cccccc;padding:10px 15px 10px 15px\">\n<ul class=\"wp-block-list\">\n<li>Wenn sie ohne Not auf dem Fu\u00dfweg fahren, insbesondere mit forschem Tempo<\/li>\n\n\n\n<li>Wenn sie mir aggressiv den Weg abschneiden<\/li>\n\n\n\n<li>Wenn sie an einem Ampel\u00fcbergang mit Rad- und Fu\u00dfg\u00e4ngerspur nicht in ihrem zugewiesenen Bereich bleiben<\/li>\n<\/ul>\n<\/div><\/div>\n\n\n\n<div class=\"wp-block-aab-accordion-item aagb__accordion_container\" style=\"border:1px solid #cccccc;margin-top:0px;margin-bottom:10px;border-radius:0px\"><div class=\"aagb__accordion_head aab_right_icon\" data-active=\"false\" style=\"color:#333333;background-color:transparent;padding:10px 15px 10px 15px\"><div class=\"aagb__accordion_heading aab_right_icon\"><p class=\"aagb__accordion_title\" style=\"margin:0;color:#333333\"><strong>Was mich als Radfahrer an mir selbst \u00e4rgert<\/strong><\/p><\/div><div class=\"aagb__accordion_icon\" style=\"color:#333333;background-color:transparent\"><span class=\"aagb__icon dashicons dashicons-arrow-down-alt2\"><\/span><\/div><\/div><div class=\"aagb__accordion_body \" role=\"region\" style=\"background-color:transparent;border-top:1px solid #cccccc;padding:10px 15px 10px 15px\">\n<ul class=\"wp-block-list\">\n<li>Dass ich manchmal nicht sorgsam genug schaue, wer wo hinter mir f\u00e4hrt, ehe ich halte oder abbiege<\/li>\n\n\n\n<li>Dass ich ab und zu mal die Handzeichen vergesse<\/li>\n\n\n\n<li>Dass ich auch mal \u00fcber rote Ampeln oder auf eigentlich nicht f\u00fcr mich gedachten Bereichen fahre, weil\u2019s bequemer ist und\/oder schneller geht<\/li>\n\n\n\n<li>Wenn ich denke \u00bbach, auf der kurzen Strecke lasse ich den Helm heute mal weg\u00ab<\/li>\n<\/ul>\n<\/div><\/div>\n\n\n\n<div class=\"wp-block-aab-accordion-item aagb__accordion_container\" style=\"border:1px solid #cccccc;margin-top:0px;margin-bottom:10px;border-radius:0px\"><div class=\"aagb__accordion_head aab_right_icon\" data-active=\"false\" style=\"color:#333333;background-color:transparent;padding:10px 15px 10px 15px\"><div class=\"aagb__accordion_heading aab_right_icon\"><p class=\"aagb__accordion_title\" style=\"margin:0;color:#333333\"><strong>Was ich als Radfahrer an mir selbst ganz gut finde<\/strong><\/p><\/div><div class=\"aagb__accordion_icon\" style=\"color:#333333;background-color:transparent\"><span class=\"aagb__icon dashicons dashicons-arrow-down-alt2\"><\/span><\/div><\/div><div class=\"aagb__accordion_body \" role=\"region\" style=\"background-color:transparent;border-top:1px solid #cccccc;padding:10px 15px 10px 15px\">\n<ul class=\"wp-block-list\">\n<li>Dass ich mich bem\u00fche, das Verkehrsgeschehen um mich herum auch mit den Augen von Autofahrern und Fu\u00dfg\u00e4ngern zu betrachten<\/li>\n\n\n\n<li>Dass ich lieber ruhigere \u00bbgr\u00fcne\u00ab oder \u00bbgem\u00fctliche\u00ab Routen und Nebenstra\u00dfen nutze als die schnellsten Strecken entlang der Hauptverkehrsadern<\/li>\n\n\n\n<li>Dass ich noch nie einen Unfall mit dem Rad hatte<\/li>\n<\/ul>\n<\/div><\/div>\n<\/div>\n\n\n\n<div style=\"height:10px\" aria-hidden=\"true\" class=\"wp-block-spacer\"><\/div>\n\n\n\n<h3 class=\"has-primary-color has-text-color wp-block-heading\">Mal wieder die Fu\u00dfg\u00e4nger!<\/h3>\n\n\n\n<div class=\"wp-block-aab-group-accordion aagb_accordion_9e8e9286-854e-4f1c-a162-ac193d019a02\">\n<div class=\"wp-block-aab-accordion-item aagb__accordion_container\" style=\"border:1px solid #cccccc;margin-top:0px;margin-bottom:10px;border-radius:0px\"><div class=\"aagb__accordion_head aab_right_icon\" data-active=\"false\" style=\"color:#333333;background-color:transparent;padding:10px 15px 10px 15px\"><div class=\"aagb__accordion_heading aab_right_icon\"><p class=\"aagb__accordion_title\" style=\"margin:0;color:#333333\"><strong>Was mich als Fu\u00dfg\u00e4nger an anderen Fu\u00dfg\u00e4ngern \u00e4rgert<\/strong><\/p><\/div><div class=\"aagb__accordion_icon\" style=\"color:#333333;background-color:transparent\"><span class=\"aagb__icon dashicons dashicons-arrow-down-alt2\"><\/span><\/div><\/div><div class=\"aagb__accordion_body \" role=\"region\" style=\"background-color:transparent;border-top:1px solid #cccccc;padding:10px 15px 10px 15px\">\n<ul class=\"wp-block-list\">\n<li>Wenn sie an engen Stellen (z.B. vor Treppenaufg\u00e4ngen, auf schmalen Wegen, VOR ROLLTREPPEN!) mit mehreren in einer \u00bbMenschenkette\u00ab nebeneinander hergehen und f\u00fcr alle hinter ihnen eine Barriere bilden<\/li>\n\n\n\n<li>Wenn sie desorientiert herumirren oder beim Gehen aufs Handy schauen und mir geistesabwesend in den Weg wanken<\/li>\n\n\n\n<li>Wenn sie pl\u00f6tzlich direkt vor mir anhalten oder abrupt die Richtung wechseln<\/li>\n\n\n\n<li>Wenn sie zu dicht neben mir stehen, obwohl genug Platz f\u00fcr mehr Abstand w\u00e4re<\/li>\n<\/ul>\n<\/div><\/div>\n\n\n\n<div class=\"wp-block-aab-accordion-item aagb__accordion_container\" style=\"border:1px solid #cccccc;margin-top:0px;margin-bottom:10px;border-radius:0px\"><div class=\"aagb__accordion_head aab_right_icon\" data-active=\"false\" style=\"color:#333333;background-color:transparent;padding:10px 15px 10px 15px\"><div class=\"aagb__accordion_heading aab_right_icon\"><p class=\"aagb__accordion_title\" style=\"margin:0;color:#333333\"><strong>Was mich als Autofahrer an Fu\u00dfg\u00e4ngern \u00e4rgert<\/strong><\/p><\/div><div class=\"aagb__accordion_icon\" style=\"color:#333333;background-color:transparent\"><span class=\"aagb__icon dashicons dashicons-arrow-down-alt2\"><\/span><\/div><\/div><div class=\"aagb__accordion_body \" role=\"region\" style=\"background-color:transparent;border-top:1px solid #cccccc;padding:10px 15px 10px 15px\">\n<ul class=\"wp-block-list\">\n<li>Wenn sie vor mir pl\u00f6tzlich noch bei Rot \u00fcber die Ampel spurten<\/li>\n\n\n\n<li>Wenn sie eine un\u00fcbersichtliche, sehr breite oder vielbefahrene Stra\u00dfe unbedingt abseits von Zebrastreifen oder Ampel\u00fcberg\u00e4ngen \u00fcberqueren m\u00fcssen und sich und andere damit behindern oder gef\u00e4hrden<\/li>\n<\/ul>\n<\/div><\/div>\n\n\n\n<div class=\"wp-block-aab-accordion-item aagb__accordion_container\" style=\"border:1px solid #cccccc;margin-top:0px;margin-bottom:10px;border-radius:0px\"><div class=\"aagb__accordion_head aab_right_icon\" data-active=\"false\" style=\"color:#333333;background-color:transparent;padding:10px 15px 10px 15px\"><div class=\"aagb__accordion_heading aab_right_icon\"><p class=\"aagb__accordion_title\" style=\"margin:0;color:#333333\"><strong>Was mich als Radfahrer an Fu\u00dfg\u00e4ngern \u00e4rgert<\/strong><\/p><\/div><div class=\"aagb__accordion_icon\" style=\"color:#333333;background-color:transparent\"><span class=\"aagb__icon dashicons dashicons-arrow-down-alt2\"><\/span><\/div><\/div><div class=\"aagb__accordion_body \" role=\"region\" style=\"background-color:transparent;border-top:1px solid #cccccc;padding:10px 15px 10px 15px\">\n<ul class=\"wp-block-list\">\n<li>Dass sie Radwege und deren Fahrbahnmarkierung \u00fcbersehen oder bewusst ignorieren, sowohl auf den Fahrspuren als auch an Ampel\u00fcberg\u00e4ngen<\/li>\n\n\n\n<li>Dass sie ohne zu schauen \u00fcber den Radweg oder die Radspur latschen<\/li>\n\n\n\n<li>Dass sie beim Ein- und Aussteigen an Tram- oder Bushaltestellen nicht auf herannahende Radfahrer achten<\/li>\n<\/ul>\n<\/div><\/div>\n\n\n\n<div class=\"wp-block-aab-accordion-item aagb__accordion_container\" style=\"border:1px solid #cccccc;margin-top:0px;margin-bottom:10px;border-radius:0px\"><div class=\"aagb__accordion_head aab_right_icon\" data-active=\"false\" style=\"color:#333333;background-color:transparent;padding:10px 15px 10px 15px\"><div class=\"aagb__accordion_heading aab_right_icon\"><p class=\"aagb__accordion_title\" style=\"margin:0;color:#333333\"><strong>Was mich als Fu\u00dfg\u00e4nger an mir selbst \u00e4rgert<\/strong><\/p><\/div><div class=\"aagb__accordion_icon\" style=\"color:#333333;background-color:transparent\"><span class=\"aagb__icon dashicons dashicons-arrow-down-alt2\"><\/span><\/div><\/div><div class=\"aagb__accordion_body \" role=\"region\" style=\"background-color:transparent;border-top:1px solid #cccccc;padding:10px 15px 10px 15px\">\n<p>Dazu f\u00e4llt mir momentan eigentlich nichts ein.<\/p>\n<\/div><\/div>\n\n\n\n<div class=\"wp-block-aab-accordion-item aagb__accordion_container\" style=\"border:1px solid #cccccc;margin-top:0px;margin-bottom:10px;border-radius:0px\"><div class=\"aagb__accordion_head aab_right_icon\" data-active=\"false\" style=\"color:#333333;background-color:transparent;padding:10px 15px 10px 15px\"><div class=\"aagb__accordion_heading aab_right_icon\"><p class=\"aagb__accordion_title\" style=\"margin:0;color:#333333\"><strong>Was ich als Fu\u00dfg\u00e4nger an mir selbst ganz gut finde<\/strong><\/p><\/div><div class=\"aagb__accordion_icon\" style=\"color:#333333;background-color:transparent\"><span class=\"aagb__icon dashicons dashicons-arrow-down-alt2\"><\/span><\/div><\/div><div class=\"aagb__accordion_body \" role=\"region\" style=\"background-color:transparent;border-top:1px solid #cccccc;padding:10px 15px 10px 15px\">\n<ul class=\"wp-block-list\">\n<li>Dass ich mir in den letzten 2 Jahren den Automatismus angew\u00f6hnt habe, vor jedem Betreten oder \u00dcberqueren einer markierten Radspur kurz stehenzubleiben und nach links und rechts zu schauen, ehe ich weitergehe<\/li>\n\n\n\n<li>Dass ich immer versuche, mich abseits an den Wegesrand zu begeben, wenn ich stehenbleiben muss, um mich z.B. zu orientieren, etwas ausf\u00fchrlicher aufs Handy zu schauen oder zu telefonieren<\/li>\n\n\n\n<li>Dass ich grunds\u00e4tzlich ein z\u00fcgiges Gehtempo sch\u00e4tze (5\u20136 km\/h)<\/li>\n<\/ul>\n<\/div><\/div>\n<\/div>\n\n\n\n<p>Ich h\u00e4tte nat\u00fcrlich auch noch je Abschnitt die Perspektive <em>\u00bbWas ich als [\u2026] an Autofahrern \/ Radfahrern \/ Fu\u00dfg\u00e4ngern <strong>gut<\/strong> finde\u00ab<\/em> hinzuf\u00fcgen k\u00f6nnen. Aber erstens w\u00fcrde das wohl den Rahmen der akzeptablen L\u00e4nge f\u00fcr einen Blogartikel sprengen und zweitens machen die anderen ja sowieso nichts richtig und benehmen sich im Verkehr samt und sonders wie die Arschgeigen.<\/p>\n\n\n\n<p>Oder?<\/p>\n<div class=\"likebtn_container\" style=\"clear:both;\"><!-- LikeBtn.com BEGIN --><span class=\"likebtn-wrapper\"  data-identifier=\"post_7249\"  data-site_id=\"5ec2910b6fd08bbb5dd94e1f\"  data-theme=\"heartcross\"  data-lang=\"de\"  data-show_dislike_label=\"true\"  data-share_enabled=\"false\"  data-counter_frmt=\"period\"  data-tooltip_enabled=\"false\"  data-i18n_like=\"gern gelesen\"  data-i18n_dislike=\"gefiel mir nicht\"  data-i18n_after_like=\"gern gelesen\"  data-i18n_after_dislike=\"gefiel mir nicht\"  data-i18n_like_tooltip=\"gern gelesen\"  data-i18n_dislike_tooltip=\"gefiel mir nicht\"  data-i18n_unlike_tooltip=\"\u2764\ufe0f entfernen\"  data-i18n_undislike_tooltip=\"\u274c entfernen\"  data-i18n_popup_close=\"schlie\u00dfen\"  data-i18n_popup_text=\"Danke f\u00fcr Deine Bewertung!\"  data-style=\"\"  data-unlike_allowed=\"\"  data-show_copyright=\"\"  data-item_url=\"https:\/\/www.formschub.de\/blog\/2023\/02\/24\/hallo-partner-danke-schoen\/\"  data-item_title=\"Hallo Partner \u2013 danke sch\u00f6n\"  data-item_date=\"2023-02-24T21:13:43+01:00\"  data-engine=\"WordPress\"  data-plugin_v=\"2.6.59\"  data-prx=\"https:\/\/www.formschub.de\/blog\/wp-admin\/admin-ajax.php?action=likebtn_prx\"  data-event_handler=\"likebtn_eh\" ><\/span><!-- LikeBtn.com END --><\/div>","protected":false},"excerpt":{"rendered":"<p>Diesen Spruch kennt vermutlich von den j\u00fcngeren Lesern kaum einer mehr, aber Opa formschub erinnert sich noch gut daran. Bei Wikipedia liest man dazu: \u201eHallo [&#8230;]<\/p>\n<div class=\"likebtn_container\" style=\"clear:both;\"><!-- LikeBtn.com BEGIN --><span class=\"likebtn-wrapper\"  data-identifier=\"post_7249\"  data-site_id=\"5ec2910b6fd08bbb5dd94e1f\"  data-theme=\"heartcross\"  data-lang=\"de\"  data-show_dislike_label=\"true\"  data-share_enabled=\"false\"  data-counter_frmt=\"period\"  data-tooltip_enabled=\"false\"  data-i18n_like=\"gern gelesen\"  data-i18n_dislike=\"gefiel mir nicht\"  data-i18n_after_like=\"gern gelesen\"  data-i18n_after_dislike=\"gefiel mir nicht\"  data-i18n_like_tooltip=\"gern gelesen\"  data-i18n_dislike_tooltip=\"gefiel mir nicht\"  data-i18n_unlike_tooltip=\"\u2764\ufe0f entfernen\"  data-i18n_undislike_tooltip=\"\u274c entfernen\"  data-i18n_popup_close=\"schlie\u00dfen\"  data-i18n_popup_text=\"Danke f\u00fcr Deine Bewertung!\"  data-style=\"\"  data-unlike_allowed=\"\"  data-show_copyright=\"\"  data-item_url=\"https:\/\/www.formschub.de\/blog\/2023\/02\/24\/hallo-partner-danke-schoen\/\"  data-item_title=\"Hallo Partner \u2013 danke sch\u00f6n\"  data-item_date=\"2023-02-24T21:13:43+01:00\"  data-engine=\"WordPress\"  data-plugin_v=\"2.6.59\"  data-prx=\"https:\/\/www.formschub.de\/blog\/wp-admin\/admin-ajax.php?action=likebtn_prx\"  data-event_handler=\"likebtn_eh\" ><\/span><!-- LikeBtn.com END --><\/div>","protected":false},"author":1,"featured_media":0,"comment_status":"open","ping_status":"closed","sticky":false,"template":"","format":"standard","meta":{"footnotes":""},"categories":[9,1],"tags":[],"class_list":["post-7249","post","type-post","status-publish","format-standard","hentry","category-haar-in-der-suppe","category-von-der-tageskarte"],"_links":{"self":[{"href":"https:\/\/www.formschub.de\/blog\/wp-json\/wp\/v2\/posts\/7249","targetHints":{"allow":["GET"]}}],"collection":[{"href":"https:\/\/www.formschub.de\/blog\/wp-json\/wp\/v2\/posts"}],"about":[{"href":"https:\/\/www.formschub.de\/blog\/wp-json\/wp\/v2\/types\/post"}],"author":[{"embeddable":true,"href":"https:\/\/www.formschub.de\/blog\/wp-json\/wp\/v2\/users\/1"}],"replies":[{"embeddable":true,"href":"https:\/\/www.formschub.de\/blog\/wp-json\/wp\/v2\/comments?post=7249"}],"version-history":[{"count":67,"href":"https:\/\/www.formschub.de\/blog\/wp-json\/wp\/v2\/posts\/7249\/revisions"}],"predecessor-version":[{"id":7435,"href":"https:\/\/www.formschub.de\/blog\/wp-json\/wp\/v2\/posts\/7249\/revisions\/7435"}],"wp:attachment":[{"href":"https:\/\/www.formschub.de\/blog\/wp-json\/wp\/v2\/media?parent=7249"}],"wp:term":[{"taxonomy":"category","embeddable":true,"href":"https:\/\/www.formschub.de\/blog\/wp-json\/wp\/v2\/categories?post=7249"},{"taxonomy":"post_tag","embeddable":true,"href":"https:\/\/www.formschub.de\/blog\/wp-json\/wp\/v2\/tags?post=7249"}],"curies":[{"name":"wp","href":"https:\/\/api.w.org\/{rel}","templated":true}]}}