{"id":7912,"date":"2023-06-08T09:19:09","date_gmt":"2023-06-08T07:19:09","guid":{"rendered":"https:\/\/www.formschub.de\/blog\/?p=7912"},"modified":"2023-06-08T11:48:14","modified_gmt":"2023-06-08T09:48:14","slug":"vollgesogen","status":"publish","type":"post","link":"https:\/\/www.formschub.de\/blog\/2023\/06\/08\/vollgesogen\/","title":{"rendered":"Vollgesogen"},"content":{"rendered":"\n<p>Das war sie nun, die <strong><a href=\"https:\/\/re-publica.com\/de\" target=\"_blank\" rel=\"noreferrer noopener\">re:publica<\/a> 2023<\/strong>. Auf Twitter schrieb ich gestern: <\/p>\n\n\n\n<figure class=\"wp-block-embed is-type-rich is-provider-twitter wp-block-embed-twitter\"><div class=\"wp-block-embed__wrapper\">\n<blockquote class=\"twitter-tweet\" data-width=\"550\" data-dnt=\"true\"><p lang=\"de\" dir=\"ltr\">Das input-trunkene, selige mentale V\u00f6llegef\u00fchl nach der re:publica erinnert mich ein bisschen an meinen Zustand, in dem ich als computerbegeisterter Teenie Mitte der 80er von meinen CeBIT-Besuchen abreiste. <a href=\"https:\/\/twitter.com\/hashtag\/rp23?src=hash&amp;ref_src=twsrc%5Etfw\">#rp23<\/a><\/p>&mdash; Edel sei der Mensch, hilfreich und woke. (Goethe) (@formschub) <a href=\"https:\/\/twitter.com\/formschub\/status\/1666565196393988102?ref_src=twsrc%5Etfw\">June 7, 2023<\/a><\/blockquote><script async src=\"https:\/\/platform.twitter.com\/widgets.js\" charset=\"utf-8\"><\/script>\n<\/div><\/figure>\n\n\n\n<p>Und so ist es. Es war Reiz\u00fcberflutung, aber im bestm\u00f6glichen Sinne. Nat\u00fcrlich war auch das Trendthema \u00bbKI\u00ab, bzw. \u00bbAI\u00ab allgegenw\u00e4rtig. Der Unterschied zu den \u00fcberall hochsprudelnden Medienberichten und Postings im Netz, den ich auf der re:publica wahrnahm, war jedoch, dass das Thema, seine Auswirkungen und Teilaspekte von kompetenten Speakern mit sachlicher Distanz erl\u00e4utert, beleuchtet, hinterfragt und diskutiert wurden. Weniger \u00bbparroting\u00ab und weniger \u00bbAI-Groupies\u00ab, daf\u00fcr mehr Fakten und mehr Expertentum. Sehr angenehm.<\/p>\n\n\n\n<p><strong>Edit:<\/strong> Ach ja \u2013 ein sehr sch\u00f6nes Treffen mit \u00bbNetzmenschen\u00ab\u00a0habe ich vor lauter geballten Sinneseindr\u00fccken fast vergessen, zu erw\u00e4hnen: der re:publica-Besucher und Twitter-\/Mastodon-Kontakt <a rel=\"noreferrer noopener\" href=\"https:\/\/fnordon.de\/@grindcrank\" target=\"_blank\">@grindcrank<\/a> regte ein Instanztreffen f\u00fcr die kleine, feine Mastodon-Instanz <a rel=\"noreferrer noopener\" href=\"https:\/\/fnordon.de\/home\" target=\"_blank\">fnordon.de<\/a> an, bei der ich seit November 2022, f\u00fcr die Zeit \u00bbnach Twitter\u00ab, ebenfalls Unterschlupf gefunden habe. Am Treffpunkt, dem Strand des Festivalgel\u00e4ndes, fanden sich dann bei sch\u00f6nem, aber nicht zu sonnigem Wetter tats\u00e4chlich drei (!) Leutchen ein: au\u00dfer mir und dem Initiator war noch <a rel=\"noreferrer noopener\" href=\"https:\/\/fnordon.de\/@rebekka_m\" target=\"_blank\">@naturopath<\/a> mit von der Partie. Es war wieder mal spannend, die Leute hinter dem Display kennenzulernen und so war die Stunde mit dem perlenden Plausch dann auch ausgesprochen kurzweilig <em>(Ein <a rel=\"noreferrer noopener\" href=\"https:\/\/fnordon.de\/@grindcrank\/110497382386050924\" target=\"_blank\">Selfie<\/a> davon gibt es \u00fcbrigens auch)<\/em>.<\/p>\n\n\n\n<figure class=\"wp-block-image size-large\"><a href=\"https:\/\/www.formschub.de\/blog\/wp-content\/uploads\/2023\/06\/republica-review.png\"><img loading=\"lazy\" decoding=\"async\" width=\"1024\" height=\"1024\" src=\"https:\/\/www.formschub.de\/blog\/wp-content\/uploads\/2023\/06\/republica-review-1024x1024.png\" alt=\"\" class=\"wp-image-7913\" srcset=\"https:\/\/www.formschub.de\/blog\/wp-content\/uploads\/2023\/06\/republica-review-1024x1024.png 1024w, https:\/\/www.formschub.de\/blog\/wp-content\/uploads\/2023\/06\/republica-review-300x300.png 300w, https:\/\/www.formschub.de\/blog\/wp-content\/uploads\/2023\/06\/republica-review-150x150.png 150w, https:\/\/www.formschub.de\/blog\/wp-content\/uploads\/2023\/06\/republica-review-768x768.png 768w, https:\/\/www.formschub.de\/blog\/wp-content\/uploads\/2023\/06\/republica-review-1536x1536.png 1536w, https:\/\/www.formschub.de\/blog\/wp-content\/uploads\/2023\/06\/republica-review.png 1800w\" sizes=\"auto, (max-width: 1024px) 100vw, 1024px\" \/><\/a><\/figure>\n\n\n\n<p>Und auch wie 2022 war ich sehr angetan von dem visuellen Konzept der re:publica, das sich durch alle Medien, die Website, B\u00fchnenveranstaltungen, Pr\u00e4sentationen und Postings zieht. Passend zum Leitthema \u00bbCASH\u00ab wurden grelle \u00bbSupermarkt-Plakatfarben\u00ab gew\u00e4hlt, dazu passend ein fetter serifenloser Display-Font und ein saftiger, dynamischer Marker-Font. Auf der B\u00fchne stehen Warenk\u00f6rbe, Palettenwagen und Kunststoffcontainer als Dekoration, die Visuals arbeiten mit Wiederholungen, auff\u00e4lligen St\u00f6rern und dem ultimativen Kontrast zwischen \u00bbNeonbunt\u00ab und \u00bbSchwarz\u00ab. Sehr gelungen!<\/p>\n\n\n\n<p>Inzwischen wei\u00df ich auch \u2013 dank der im Programm angesetzten Fragestunde mit den Organisatoren \u2013, dass das Design von re:publica-Mitgr\u00fcnderin <strong>Tanja Haeusler<\/strong> in Zusammenarbeit mit der Berliner Agentur <a rel=\"noreferrer noopener\" href=\"https:\/\/www.fertigdesign.com\/\" target=\"_blank\"><strong>fertig design<\/strong><\/a> konzipiert und umgesetzt wird <em>(und bin als Grafik-Designer ein bisschen neidisch auf so ein famoses 360\u00b0-Projekt)<\/em>. \ud83d\ude09<\/p>\n\n\n\n<p>Wie der Marker-Font hei\u00dft, habe ich inzwischen schon herausgefunden: er nennt sich <strong>\u00bbWalmer Marker\u00ab<\/strong> und stammt von der finnischen Type Foundry <strong>\u00bbTypolar\u00ab<\/strong> des Designers <strong>Jarno Lukkarila<\/strong>. Auf der Website des B\u00fcros kann man die sch\u00f6ne <a rel=\"noreferrer noopener\" href=\"https:\/\/www.typolar.com\/about\/stories\/index.php?tab=stories&amp;story=walmer-marker\" target=\"_blank\">Story<\/a> zur Entstehung dieser interessanten Schrift nachlesen.<\/p>\n\n\n\n<p>Wie die fette Plakatschrift (im nachfolgenden Bild rechts, \u00fcber den St\u00f6rern) hei\u00dft, habe ich bislang nicht herausgefunden, aber ich editiere das hier nach, falls es mir noch gelingt \u2013 oder vielleicht (er)kennt ja ein hiesiger Blogleser den Font? Die Formen sowohl des kleinen als auch des gro\u00dfen \u00bbY\u00ab (siehe in \u00bbRyanair\u00ab) sind darin sehr charakteristisch.<\/p>\n\n\n\n<figure class=\"wp-block-image size-large\"><a href=\"https:\/\/www.formschub.de\/blog\/wp-content\/uploads\/2023\/06\/republica_Font_Walmer-Marker_2-1024x556.jpg\"><img loading=\"lazy\" decoding=\"async\" width=\"1024\" height=\"556\" src=\"https:\/\/www.formschub.de\/blog\/wp-content\/uploads\/2023\/06\/republica_Font_Walmer-Marker_2-1024x556.jpg\" alt=\"\" class=\"wp-image-7917\" srcset=\"https:\/\/www.formschub.de\/blog\/wp-content\/uploads\/2023\/06\/republica_Font_Walmer-Marker_2-1024x556.jpg 1024w, https:\/\/www.formschub.de\/blog\/wp-content\/uploads\/2023\/06\/republica_Font_Walmer-Marker_2-300x163.jpg 300w, https:\/\/www.formschub.de\/blog\/wp-content\/uploads\/2023\/06\/republica_Font_Walmer-Marker_2-768x417.jpg 768w, https:\/\/www.formschub.de\/blog\/wp-content\/uploads\/2023\/06\/republica_Font_Walmer-Marker_2-1536x834.jpg 1536w, https:\/\/www.formschub.de\/blog\/wp-content\/uploads\/2023\/06\/republica_Font_Walmer-Marker_2.jpg 2048w\" sizes=\"auto, (max-width: 1024px) 100vw, 1024px\" \/><\/a><\/figure>\n\n\n\n<p>Wenn mich Freunde fragen, denen der Name re:publica nichts sagt, was das denn f\u00fcr eine Konferenz sei, sage ich \u00bbEs ist eine ALLES-Konferenz\u00ab, denn fast jeder gesellschaftliche Aspekt fand sich \u2013 wie schon im letzten Jahr \u2013 an den drei Veranstaltungstagen in dem einen oder anderen Panel wieder.<\/p>\n\n\n\n<h4 class=\"wp-block-heading\">Meine drei Highlights 2023 waren:<\/h4>\n\n\n\n<ul class=\"wp-block-list\">\n<li>\u00bbI&#8217;m sorry HAL, I won&#8217;t let you do that.\u00ab mit <strong>@tante<\/strong><\/li>\n\n\n\n<li>\u00bbGenerative KI &#8211; sch\u00f6ne neue Welt?\u00ab mit <strong>Bj\u00f6rn Ommer<\/strong><\/li>\n\n\n\n<li>\u00bbWollt Ihr ewig leben? Vom Fluch der Unsterblichkeit und Segen der Biotechnologie\u00ab mit <strong>Thomas Ramge<\/strong><\/li>\n<\/ul>\n\n\n\n<p>Es war wieder inspirierend, spannend, lehrreich, interessant, \u00fcberraschend und vielf\u00e4ltig. Und ich brauche jetzt erst mal ein paar Tage Ruhe im Kopf, um sich alles wieder setzen zu lassen.<\/p>\n\n\n\n<p>Ehe ich mir die Panels, die ich verpasst habe, auf <a href=\"https:\/\/www.youtube.com\/@republica\/videos\" target=\"_blank\" rel=\"noreferrer noopener\">YouTube<\/a> anschaue \u2026 \ud83d\ude09<\/p>\n<div class=\"likebtn_container\" style=\"clear:both;\"><!-- LikeBtn.com BEGIN --><span class=\"likebtn-wrapper\"  data-identifier=\"post_7912\"  data-site_id=\"5ec2910b6fd08bbb5dd94e1f\"  data-theme=\"heartcross\"  data-lang=\"de\"  data-show_dislike_label=\"true\"  data-share_enabled=\"false\"  data-counter_frmt=\"period\"  data-tooltip_enabled=\"false\"  data-i18n_like=\"gern gelesen\"  data-i18n_dislike=\"gefiel mir nicht\"  data-i18n_after_like=\"gern gelesen\"  data-i18n_after_dislike=\"gefiel mir nicht\"  data-i18n_like_tooltip=\"gern gelesen\"  data-i18n_dislike_tooltip=\"gefiel mir nicht\"  data-i18n_unlike_tooltip=\"\u2764\ufe0f entfernen\"  data-i18n_undislike_tooltip=\"\u274c entfernen\"  data-i18n_popup_close=\"schlie\u00dfen\"  data-i18n_popup_text=\"Danke f\u00fcr Deine Bewertung!\"  data-style=\"\"  data-unlike_allowed=\"\"  data-show_copyright=\"\"  data-item_url=\"https:\/\/www.formschub.de\/blog\/2023\/06\/08\/vollgesogen\/\"  data-item_title=\"Vollgesogen\"  data-item_date=\"2023-06-08T09:19:09+02:00\"  data-engine=\"WordPress\"  data-plugin_v=\"2.6.59\"  data-prx=\"https:\/\/www.formschub.de\/blog\/wp-admin\/admin-ajax.php?action=likebtn_prx\"  data-event_handler=\"likebtn_eh\" ><\/span><!-- LikeBtn.com END --><\/div>","protected":false},"excerpt":{"rendered":"<p>Das war sie nun, die re:publica 2023. Auf Twitter schrieb ich gestern: Und so ist es. Es war Reiz\u00fcberflutung, aber im bestm\u00f6glichen Sinne. Nat\u00fcrlich war [&#8230;]<\/p>\n<div class=\"likebtn_container\" style=\"clear:both;\"><!-- LikeBtn.com BEGIN --><span class=\"likebtn-wrapper\"  data-identifier=\"post_7912\"  data-site_id=\"5ec2910b6fd08bbb5dd94e1f\"  data-theme=\"heartcross\"  data-lang=\"de\"  data-show_dislike_label=\"true\"  data-share_enabled=\"false\"  data-counter_frmt=\"period\"  data-tooltip_enabled=\"false\"  data-i18n_like=\"gern gelesen\"  data-i18n_dislike=\"gefiel mir nicht\"  data-i18n_after_like=\"gern gelesen\"  data-i18n_after_dislike=\"gefiel mir nicht\"  data-i18n_like_tooltip=\"gern gelesen\"  data-i18n_dislike_tooltip=\"gefiel mir nicht\"  data-i18n_unlike_tooltip=\"\u2764\ufe0f entfernen\"  data-i18n_undislike_tooltip=\"\u274c entfernen\"  data-i18n_popup_close=\"schlie\u00dfen\"  data-i18n_popup_text=\"Danke f\u00fcr Deine Bewertung!\"  data-style=\"\"  data-unlike_allowed=\"\"  data-show_copyright=\"\"  data-item_url=\"https:\/\/www.formschub.de\/blog\/2023\/06\/08\/vollgesogen\/\"  data-item_title=\"Vollgesogen\"  data-item_date=\"2023-06-08T09:19:09+02:00\"  data-engine=\"WordPress\"  data-plugin_v=\"2.6.59\"  data-prx=\"https:\/\/www.formschub.de\/blog\/wp-admin\/admin-ajax.php?action=likebtn_prx\"  data-event_handler=\"likebtn_eh\" ><\/span><!-- LikeBtn.com END --><\/div>","protected":false},"author":1,"featured_media":0,"comment_status":"open","ping_status":"closed","sticky":false,"template":"","format":"standard","meta":{"footnotes":""},"categories":[4,10,1],"tags":[],"class_list":["post-7912","post","type-post","status-publish","format-standard","hentry","category-ausser-haus","category-ins-netz-gegangen","category-von-der-tageskarte"],"_links":{"self":[{"href":"https:\/\/www.formschub.de\/blog\/wp-json\/wp\/v2\/posts\/7912","targetHints":{"allow":["GET"]}}],"collection":[{"href":"https:\/\/www.formschub.de\/blog\/wp-json\/wp\/v2\/posts"}],"about":[{"href":"https:\/\/www.formschub.de\/blog\/wp-json\/wp\/v2\/types\/post"}],"author":[{"embeddable":true,"href":"https:\/\/www.formschub.de\/blog\/wp-json\/wp\/v2\/users\/1"}],"replies":[{"embeddable":true,"href":"https:\/\/www.formschub.de\/blog\/wp-json\/wp\/v2\/comments?post=7912"}],"version-history":[{"count":11,"href":"https:\/\/www.formschub.de\/blog\/wp-json\/wp\/v2\/posts\/7912\/revisions"}],"predecessor-version":[{"id":7932,"href":"https:\/\/www.formschub.de\/blog\/wp-json\/wp\/v2\/posts\/7912\/revisions\/7932"}],"wp:attachment":[{"href":"https:\/\/www.formschub.de\/blog\/wp-json\/wp\/v2\/media?parent=7912"}],"wp:term":[{"taxonomy":"category","embeddable":true,"href":"https:\/\/www.formschub.de\/blog\/wp-json\/wp\/v2\/categories?post=7912"},{"taxonomy":"post_tag","embeddable":true,"href":"https:\/\/www.formschub.de\/blog\/wp-json\/wp\/v2\/tags?post=7912"}],"curies":[{"name":"wp","href":"https:\/\/api.w.org\/{rel}","templated":true}]}}