{"id":911,"date":"2010-11-21T02:54:00","date_gmt":"2010-11-21T01:54:00","guid":{"rendered":"http:\/\/www.formschub.de\/blog\/?p=911"},"modified":"2022-02-07T14:24:26","modified_gmt":"2022-02-07T13:24:26","slug":"bucherfragebogen-%e2%99%82-09","status":"publish","type":"post","link":"https:\/\/www.formschub.de\/blog\/2010\/11\/21\/bucherfragebogen-%e2%99%82-09\/","title":{"rendered":"B\u00fccherfragebogen [\u2642] \u2013 09"},"content":{"rendered":"<p><strong>09 Das erste Buch, das du je gelesen hast<\/strong><br \/>\nEine nicht ganz einfache Frage, da ich nach der Erinnerung meiner Mutter bereits mit 4 Jahren selbst lesen konnte und von da an unaufhaltsam zum B\u00fccherwurm wurde. Und das ist nun schon sehr lange her. Doch nehme ich die Frage gerne zum Anlass, die schmale Treppe auf den Gehirndachboden meiner Kindheit hochzusteigen und im flackernden Licht der Erinnerung nach dort lagernden B\u00fcchersch\u00e4tzen zu suchen. Es ist dunkel hier oben, aber es ist eine heimelige Dunkelheit, warm und gem\u00fctlich, es riecht nach Staub und altem, vergilbtem Papier. Langsam gew\u00f6hnen sich meine Gedankenaugen daran. Was ich in den schattigen Winkeln als erstes erkenne, sind Bilder: Illustrationen, Zeichnungen, Figuren, Charaktere. Ich war schon immer sehr visuell veranlagt und konnte mich an optische Eindr\u00fccke (und an Ger\u00fcche) immer deutlicher erinnern als an Namen und Begriffe.<\/p>\n<p>Hasen. Ich sehe Hasen, die Kleidung tragen und aufrecht gehen \u2013 wie Menschen. Ein Bilderbuch, das bis zum Jahr 2000 aufgelegt wurde und im B\u00fccherregal meines Kinderzimmers stand, war <a href=\"http:\/\/www.amazon.de\/Ich-kleine-Hase-Richard-Scarry\/dp\/3473307416\">\u00bbIch bin der kleine Hase\u00ab<\/a> mit Illustrationen von Richard Scarry. An die Geschichte erinnere ich mich nicht mehr, es ging um Jahreszeiten und der kleine Hase fiel, glaube ich, irgendwann in einen tiefen Winterschlaf (machen Hasen das eigentlich? Egal.) Wie es sich anf\u00fchlt, eine ganze Jahreszeit zu verschlafen, w\u00fcrde ich auch noch heute gerne noch wissen.<\/p>\n<p>Das zweite Hasenbuch, das ich besa\u00df, war das aus heutiger Sicht p\u00e4dagogisch eher bedenkliche Werk <a href=\"http:\/\/www.amazon.de\/Die-H%C3%A4schenschule-Ein-lustiges-Bilderbuch\/dp\/3872860321\">\u00bbDie H\u00e4schenschule\u00ab<\/a>. Die Hasenlehrer waren streng und zogen unartigen Hasensch\u00fclern zur Strafe die Ohren noch l\u00e4nger. Sogar einen der Verse aus dem Kontext der Z\u00fcchtigungen wei\u00df ich noch auswendig: \u00bbIn den Karzer muss er nun. Ei, da kann er Bu\u00dfe tun!\u00ab. Der Untertitel \u00bbEin lustiges Bilderbuch\u00ab wirkt in diesem Kontext schon fast bizarr. Meine Kerze flackert. Mich fr\u00f6stelt kurz.<\/p>\n<p>Hier! In der Truhe! Eine ganze <a href=\"http:\/\/abcypsilon777.blog.de\/2007\/09\/20\/flashback_lurchis_abenteuer~3012811\/\">B\u00fccherserie<\/a>, deren fantasievolle Geschichten komplett in Schulschreibschrift abgedruckt waren \u2013 tats\u00e4chlich aber ein Werbeprodukt: die <a href=\"https:\/\/de.wikipedia.org\/wiki\/Lurchi\">Abenteuer von Lurchi und seinen Freunden<\/a>, herausgegeben von der Schuhmarke Salamander. Wer neben der gelbschwarzen Amphibie die Freunde waren, das habe ich inzwischen vergessen. Eine Kr\u00f6te, ein Igel, ein Frosch? Doch ich wei\u00df: einmal gewann einer der Helden einen sportlichen Wettlauf, weil ihn ein Schwarm Wespen verfolgte. Zuf\u00e4lligerweise las ich beim Graben nach Weblinks, dass Lurchi wieder zum Leben erweckt werden soll. Vermutlich gezeichnet in zeitgem\u00e4\u00dfem Stil und ausgestattet mit Handy und iPod. Ich werde nicht nachschauen, will es nicht wissen.<\/p>\n<p>Der Lichtschein meiner Kerze erfasst etwas Rotes. Es ist der Umschlag eines ebenfalls erzieherisch motivierten Buches meiner Kinderbibliothek \u2013 aus der Reihe \u00bbCarlsen Wunderbuch\u00ab: <a href=\"http:\/\/www.wunderbuecher.de\/wunderbuecher\/1004600001.php\">\u00bbDer Junge, der nicht essen wollte\u00ab<\/a>, verfasst und bebildert von der Illustratorin Elisabeth Brozowska. Die im typischen Stil der sp\u00e4ten Sechziger Jahre geschaffenen Bilder in diesem Buch sind mir bis heute klar im Ged\u00e4chtnis geblieben und ich halte sie auch heute noch f\u00fcr genial. Der kleine Junge, der sich dem Essen verweigert, nimmt keineswegs ab, sondern schrumpft zum Winzling zusammen. Von der Putzfrau versehentlich aufgefegt und in die M\u00fclltonne bef\u00f6rdert, beginnt f\u00fcr ihn eine abenteuerliche Reise \u2013 nat\u00fcrlich eine mit Happy End. Das Buch ist damals offenbar in vielen Sprachen erschienen und der kanadische Illustrator <a href=\"http:\/\/denisgoulet.blogspot.com\/\">Denis Goulet<\/a> hat bei flickr <a href=\"http:\/\/www.flickr.com\/photos\/denisgoulet65\/sets\/72157618965048473\/with\/3582037248\/\">ein Bilderset mit Scans der famosen Motive<\/a> aus der franz\u00f6sischsprachigen Ausgabe gepostet.<\/p>\n<p>Jetzt h\u00f6re ich Stimmen von unten, au\u00dferhalb des Speichers, den ich gerade erkunde. Es ist die Gegenwart, die mich zur\u00fcckruft. Ich gehe die Stiege hinunter, l\u00f6sche mein Licht und schlie\u00dfe die kleine, quietschende T\u00fcr sorgsam hinter mir ab. Den Schl\u00fcssel und die Kerze stecke ich gut verwahrt in die Tasche, denn ich werde sicher bald nachschauen, was dort oben noch alles liegt.<\/p>\n<p>Der komplette <a href=\"http:\/\/formschub.de\/blog\/?p=817\/#fragebogen\">Fragebogen<\/a> im \u00dcberblick.<\/p>\n<p><img loading=\"lazy\" decoding=\"async\" class=\"alignnone size-full wp-image-912\" title=\"Books_09\" src=\"http:\/\/www.formschub.de\/blog\/wp-content\/uploads\/2010\/11\/Books_09.jpg\" alt=\"Books_09\" width=\"450\" height=\"315\" \/><br \/>\n<em>Image: \u00a9 Elisabeth Brozowska | Scan courtesy of <a href=\"http:\/\/www.flickr.com\/photos\/denisgoulet65\/sets\/72157618965048473\/with\/3582037248\/\">Denis Goulet<\/a><\/em><\/p>\n<div class=\"likebtn_container\" style=\"clear:both;\"><!-- LikeBtn.com BEGIN --><span class=\"likebtn-wrapper\"  data-identifier=\"post_911\"  data-site_id=\"5ec2910b6fd08bbb5dd94e1f\"  data-theme=\"heartcross\"  data-lang=\"de\"  data-show_dislike_label=\"true\"  data-share_enabled=\"false\"  data-counter_frmt=\"period\"  data-tooltip_enabled=\"false\"  data-i18n_like=\"gern gelesen\"  data-i18n_dislike=\"gefiel mir nicht\"  data-i18n_after_like=\"gern gelesen\"  data-i18n_after_dislike=\"gefiel mir nicht\"  data-i18n_like_tooltip=\"gern gelesen\"  data-i18n_dislike_tooltip=\"gefiel mir nicht\"  data-i18n_unlike_tooltip=\"\u2764\ufe0f entfernen\"  data-i18n_undislike_tooltip=\"\u274c entfernen\"  data-i18n_popup_close=\"schlie\u00dfen\"  data-i18n_popup_text=\"Danke f\u00fcr Deine Bewertung!\"  data-style=\"\"  data-unlike_allowed=\"\"  data-show_copyright=\"\"  data-item_url=\"https:\/\/www.formschub.de\/blog\/2010\/11\/21\/bucherfragebogen-%e2%99%82-09\/\"  data-item_title=\"B\u00fccherfragebogen [\u2642] \u2013 09\"  data-item_date=\"2010-11-21T02:54:00+01:00\"  data-engine=\"WordPress\"  data-plugin_v=\"2.6.59\"  data-prx=\"https:\/\/www.formschub.de\/blog\/wp-admin\/admin-ajax.php?action=likebtn_prx\"  data-event_handler=\"likebtn_eh\" ><\/span><!-- LikeBtn.com END --><\/div>","protected":false},"excerpt":{"rendered":"<p>09 Das erste Buch, das du je gelesen hast Eine nicht ganz einfache Frage, da ich nach der Erinnerung meiner Mutter bereits mit 4 Jahren [&#8230;]<\/p>\n<div class=\"likebtn_container\" style=\"clear:both;\"><!-- LikeBtn.com BEGIN --><span class=\"likebtn-wrapper\"  data-identifier=\"post_911\"  data-site_id=\"5ec2910b6fd08bbb5dd94e1f\"  data-theme=\"heartcross\"  data-lang=\"de\"  data-show_dislike_label=\"true\"  data-share_enabled=\"false\"  data-counter_frmt=\"period\"  data-tooltip_enabled=\"false\"  data-i18n_like=\"gern gelesen\"  data-i18n_dislike=\"gefiel mir nicht\"  data-i18n_after_like=\"gern gelesen\"  data-i18n_after_dislike=\"gefiel mir nicht\"  data-i18n_like_tooltip=\"gern gelesen\"  data-i18n_dislike_tooltip=\"gefiel mir nicht\"  data-i18n_unlike_tooltip=\"\u2764\ufe0f entfernen\"  data-i18n_undislike_tooltip=\"\u274c entfernen\"  data-i18n_popup_close=\"schlie\u00dfen\"  data-i18n_popup_text=\"Danke f\u00fcr Deine Bewertung!\"  data-style=\"\"  data-unlike_allowed=\"\"  data-show_copyright=\"\"  data-item_url=\"https:\/\/www.formschub.de\/blog\/2010\/11\/21\/bucherfragebogen-%e2%99%82-09\/\"  data-item_title=\"B\u00fccherfragebogen [\u2642] \u2013 09\"  data-item_date=\"2010-11-21T02:54:00+01:00\"  data-engine=\"WordPress\"  data-plugin_v=\"2.6.59\"  data-prx=\"https:\/\/www.formschub.de\/blog\/wp-admin\/admin-ajax.php?action=likebtn_prx\"  data-event_handler=\"likebtn_eh\" ><\/span><!-- LikeBtn.com END --><\/div>","protected":false},"author":1,"featured_media":0,"comment_status":"open","ping_status":"open","sticky":false,"template":"","format":"standard","meta":{"footnotes":""},"categories":[8,10,1],"tags":[],"class_list":["post-911","post","type-post","status-publish","format-standard","hentry","category-frisch-ausgefuellt","category-ins-netz-gegangen","category-von-der-tageskarte"],"_links":{"self":[{"href":"https:\/\/www.formschub.de\/blog\/wp-json\/wp\/v2\/posts\/911","targetHints":{"allow":["GET"]}}],"collection":[{"href":"https:\/\/www.formschub.de\/blog\/wp-json\/wp\/v2\/posts"}],"about":[{"href":"https:\/\/www.formschub.de\/blog\/wp-json\/wp\/v2\/types\/post"}],"author":[{"embeddable":true,"href":"https:\/\/www.formschub.de\/blog\/wp-json\/wp\/v2\/users\/1"}],"replies":[{"embeddable":true,"href":"https:\/\/www.formschub.de\/blog\/wp-json\/wp\/v2\/comments?post=911"}],"version-history":[{"count":4,"href":"https:\/\/www.formschub.de\/blog\/wp-json\/wp\/v2\/posts\/911\/revisions"}],"predecessor-version":[{"id":6239,"href":"https:\/\/www.formschub.de\/blog\/wp-json\/wp\/v2\/posts\/911\/revisions\/6239"}],"wp:attachment":[{"href":"https:\/\/www.formschub.de\/blog\/wp-json\/wp\/v2\/media?parent=911"}],"wp:term":[{"taxonomy":"category","embeddable":true,"href":"https:\/\/www.formschub.de\/blog\/wp-json\/wp\/v2\/categories?post=911"},{"taxonomy":"post_tag","embeddable":true,"href":"https:\/\/www.formschub.de\/blog\/wp-json\/wp\/v2\/tags?post=911"}],"curies":[{"name":"wp","href":"https:\/\/api.w.org\/{rel}","templated":true}]}}